{"id":484848,"date":"2017-06-22T17:12:48","date_gmt":"2017-06-22T22:12:48","guid":{"rendered":"https:\/\/www.futboltotal.com.mx\/?p=484848"},"modified":"2017-06-22T17:12:48","modified_gmt":"2017-06-22T22:12:48","slug":"champions-2006-la-habriamos-ganado-var-arsene-wenger","status":"publish","type":"post","link":"http:\/\/desarrollo.grupomedios.com\/futbol\/futbol-internacional\/champions-2006-la-habriamos-ganado-var-arsene-wenger\/2017\/06","title":{"rendered":"Champions de 2006 la habr\u00edamos ganado con VAR: Arsene Wenger"},"content":{"rendered":"<p>El estratega del <strong>Arsenal<\/strong>,\u00a0<strong>Arsene Wenger<\/strong>, asegur\u00f3 que si el VAR hubiera existido en el 2006, habr\u00edan ganado\u00a0la Final de la <strong>Champions League<\/strong> que perdieron ante el <strong>Barcelona<\/strong>.<\/p>\n<p>En una entrevista para la p\u00e1gina web del <strong>Arsenal<\/strong>, <strong>Wenger<\/strong> se mostr\u00f3 convencido que su equipo perdi\u00f3 por un gol en\u00a0fuera de lugar de <strong>Samuel Eto&#8217;o.<\/strong><\/p>\n<p style=\"text-align: center;\"><span style=\"color: #333399;\"><a style=\"color: #333399;\" href=\"https:\/\/www.futboltotal.com.mx\/2017\/06\/real-madrid-tendria-apalabrados-a-mbappe-y-donnarumma\/\" target=\"_blank\" rel=\"noopener noreferrer\">VER M\u00c1S: Mbapp\u00e9 y Donnarumma ya tienen acuerdo con el Real Madrid<\/a><\/span><\/p>\n<p>&#8220;El gol del empate contra el <strong>Barcelona<\/strong> en la Final de la <strong>Champions de 2006<\/strong>, porque fue en fuera de juego y est\u00e1bamos ganando 0-1 a falta de 30 minutos para el final. Ah\u00ed perdimos el t\u00edtulo&#8221;, declar\u00f3 el franc\u00e9s.<\/p>\n<p>La <strong>Copa Confederaciones<\/strong> ha sido el primer torneo en donde <strong>FIFA<\/strong> ha probado el videoarbitraje.<\/p>\n<p style=\"text-align: center;\"><span style=\"color: #333399;\"><a style=\"color: #333399;\" href=\"https:\/\/www.futboltotal.com.mx\/2017\/06\/los-memes-del-chile-vs-alemania\/\" target=\"_blank\" rel=\"noopener noreferrer\">VER M\u00c1S: Los memes del Chile vs Alemania<\/a><\/span><\/p>\n<p><iframe loading=\"lazy\" src=\"https:\/\/www.youtube.com\/embed\/VsdMmDwCY10?feature=oembed\" frameborder=\"0\" allowfullscreen><\/iframe><\/p>\n","protected":false},"excerpt":{"rendered":"<p>El estratega franc\u00e9s todav\u00eda recuerda la final que se les escap\u00f3 de las manos contra el Barcelona<\/p>\n","protected":false},"author":20,"featured_media":461794,"comment_status":"closed","ping_status":"closed","sticky":false,"template":"","format":"standard","meta":[],"categories":[3839],"tags":[6044,2177,5984,36],"_links":{"self":[{"href":"http:\/\/desarrollo.grupomedios.com\/futbol\/wp-json\/wp\/v2\/posts\/484848"}],"collection":[{"href":"http:\/\/desarrollo.grupomedios.com\/futbol\/wp-json\/wp\/v2\/posts"}],"about":[{"href":"http:\/\/desarrollo.grupomedios.com\/futbol\/wp-json\/wp\/v2\/types\/post"}],"author":[{"embeddable":true,"href":"http:\/\/desarrollo.grupomedios.com\/futbol\/wp-json\/wp\/v2\/users\/20"}],"replies":[{"embeddable":true,"href":"http:\/\/desarrollo.grupomedios.com\/futbol\/wp-json\/wp\/v2\/comments?post=484848"}],"version-history":[{"count":1,"href":"http:\/\/desarrollo.grupomedios.com\/futbol\/wp-json\/wp\/v2\/posts\/484848\/revisions"}],"predecessor-version":[{"id":484852,"href":"http:\/\/desarrollo.grupomedios.com\/futbol\/wp-json\/wp\/v2\/posts\/484848\/revisions\/484852"}],"wp:featuredmedia":[{"embeddable":true,"href":"http:\/\/desarrollo.grupomedios.com\/futbol\/wp-json\/wp\/v2\/media\/461794"}],"wp:attachment":[{"href":"http:\/\/desarrollo.grupomedios.com\/futbol\/wp-json\/wp\/v2\/media?parent=484848"}],"wp:term":[{"taxonomy":"category","embeddable":true,"href":"http:\/\/desarrollo.grupomedios.com\/futbol\/wp-json\/wp\/v2\/categories?post=484848"},{"taxonomy":"post_tag","embeddable":true,"href":"http:\/\/desarrollo.grupomedios.com\/futbol\/wp-json\/wp\/v2\/tags?post=484848"}],"curies":[{"name":"wp","href":"https:\/\/api.w.org\/{rel}","templated":true}]}}