{"id":484849,"date":"2017-06-22T17:25:53","date_gmt":"2017-06-22T22:25:53","guid":{"rendered":"https:\/\/www.futboltotal.com.mx\/?p=484849"},"modified":"2017-06-22T17:25:53","modified_gmt":"2017-06-22T22:25:53","slug":"borussia-dortmund-pone-ultimatum-a-aubameyang","status":"publish","type":"post","link":"http:\/\/desarrollo.grupomedios.com\/futbol\/futbol-internacional\/borussia-dortmund-pone-ultimatum-a-aubameyang\/2017\/06","title":{"rendered":"Borussia Dortmund pone ultim\u00e1tum a Aubameyang"},"content":{"rendered":"<p><a href=\"https:\/\/www.futboltotal.com.mx\/2017\/06\/borussia-dortmund-permitira-barcelona-se-lleve-a-joven-promesa\/\" target=\"_blank\" rel=\"noopener noreferrer\"><span style=\"color: #333399;\"><strong>Borussia Dortmund<\/strong><\/span><\/a> se encuentra definiendo la plantilla que afrontar\u00e1 la pr\u00f3xima temporada en la <strong>Bundesliga<\/strong>, as\u00ed como la <strong>UEFA Champions League<\/strong>, y para ello le habr\u00edan puesto un ultim\u00e1tum al delantero gabon\u00e9s, <a href=\"https:\/\/www.futboltotal.com.mx\/2017\/06\/gignac-aubameyang-protagonizan-encuentro\/\" target=\"_blank\" rel=\"noopener noreferrer\"><span style=\"color: #333399;\"><strong>Pierre-Emerick Aubameyang<\/strong><\/span><\/a> para que defina si se queda o se va del club.<\/p>\n<p>De acuerdo con informaci\u00f3n del diario Bild alem\u00e1n, el director administrativo del <em>BVB,<\/em> <strong>Hans-Joachim Watzke,<\/strong> le inform\u00f3 al atacante que tiene hasta el 26 de julio para tomar una decisi\u00f3n.<\/p>\n<p style=\"text-align: center;\"><a href=\"https:\/\/www.futboltotal.com.mx\/2017\/06\/sneijder-volveria-al-ajax\/\" target=\"_blank\" rel=\"noopener noreferrer\"><span style=\"color: #333399;\">VER M\u00c1S:\u00a0Wesley Sneijder volver\u00eda al Ajax<\/span><\/a><\/p>\n<p>El conjunto teuton est\u00e1 consciente que hay clubes interesados en el atacante; sin embargo no aceptaran una oferta por debajo de los 70 millones de euros, por lo que necesitan que el gabon\u00e9s toma una decisi\u00f3n para poder fichar jugadores con la cifra que obtengan por su traspaso.<\/p>\n<p>\u201cEl club est\u00e1 dispuesto a o\u00edr ofertas si hay alg\u00fan equipo que est\u00e9 dispuesto a expresar financieramente el inter\u00e9s que tiene por Aubameyang\u201d, declar\u00f3 el <strong>Watzke<\/strong>.<\/p>\n<p style=\"text-align: center;\"><a href=\"https:\/\/www.futboltotal.com.mx\/2017\/06\/siete-involucrados-mas-en-caso-doping-river-plate\/\" target=\"_blank\" rel=\"noopener noreferrer\"><span style=\"color: #333399;\">VER M\u00c1S:\u00a0Salen nuevos nombres en el caso de doping en River Plate<\/span><\/a><\/p>\n<p><a href=\"https:\/\/www.futboltotal.com.mx\/2017\/06\/verratti-hara-pretemporada-psg-quiere-forzar-salida-al-barcelona\/\" target=\"_blank\" rel=\"noopener noreferrer\"><span style=\"color: #333399;\"><strong>PSG<\/strong><\/span><\/a> y la <a href=\"https:\/\/www.futboltotal.com.mx\/2017\/06\/superliga-china-dispuesta-a-pagar-200-millones-por-cristiano-ronaldo\/\" target=\"_blank\" rel=\"noopener noreferrer\"><span style=\"color: #333399;\"><strong>Superliga China<\/strong><\/span><\/a> ser\u00edan los posibles destinos de <strong>Aubameyang<\/strong>, quien la rompi\u00f3 en la pasada <strong>Bundesliga<\/strong> al conseguir 31 tantos, convirti\u00e9ndose en el m\u00e1ximo anotador.<\/p>\n","protected":false},"excerpt":{"rendered":"<p>Aubameyang tendr\u00e1 que definir si se queda o se va del BVB.<\/p>\n","protected":false},"author":20,"featured_media":484855,"comment_status":"closed","ping_status":"closed","sticky":false,"template":"","format":"standard","meta":[],"categories":[3839],"tags":[6047,119,36,3614,5078,114,6846,192],"_links":{"self":[{"href":"http:\/\/desarrollo.grupomedios.com\/futbol\/wp-json\/wp\/v2\/posts\/484849"}],"collection":[{"href":"http:\/\/desarrollo.grupomedios.com\/futbol\/wp-json\/wp\/v2\/posts"}],"about":[{"href":"http:\/\/desarrollo.grupomedios.com\/futbol\/wp-json\/wp\/v2\/types\/post"}],"author":[{"embeddable":true,"href":"http:\/\/desarrollo.grupomedios.com\/futbol\/wp-json\/wp\/v2\/users\/20"}],"replies":[{"embeddable":true,"href":"http:\/\/desarrollo.grupomedios.com\/futbol\/wp-json\/wp\/v2\/comments?post=484849"}],"version-history":[{"count":1,"href":"http:\/\/desarrollo.grupomedios.com\/futbol\/wp-json\/wp\/v2\/posts\/484849\/revisions"}],"predecessor-version":[{"id":484857,"href":"http:\/\/desarrollo.grupomedios.com\/futbol\/wp-json\/wp\/v2\/posts\/484849\/revisions\/484857"}],"wp:featuredmedia":[{"embeddable":true,"href":"http:\/\/desarrollo.grupomedios.com\/futbol\/wp-json\/wp\/v2\/media\/484855"}],"wp:attachment":[{"href":"http:\/\/desarrollo.grupomedios.com\/futbol\/wp-json\/wp\/v2\/media?parent=484849"}],"wp:term":[{"taxonomy":"category","embeddable":true,"href":"http:\/\/desarrollo.grupomedios.com\/futbol\/wp-json\/wp\/v2\/categories?post=484849"},{"taxonomy":"post_tag","embeddable":true,"href":"http:\/\/desarrollo.grupomedios.com\/futbol\/wp-json\/wp\/v2\/tags?post=484849"}],"curies":[{"name":"wp","href":"https:\/\/api.w.org\/{rel}","templated":true}]}}