{"id":484851,"date":"2017-06-22T17:32:19","date_gmt":"2017-06-22T22:32:19","guid":{"rendered":"https:\/\/www.futboltotal.com.mx\/?p=484851"},"modified":"2017-06-22T17:32:19","modified_gmt":"2017-06-22T22:32:19","slug":"presentan-partido-amistoso-mexico-alemania-en-zocalo","status":"publish","type":"post","link":"http:\/\/desarrollo.grupomedios.com\/futbol\/futbol-mexicano\/presentan-partido-amistoso-mexico-alemania-en-zocalo\/2017\/06","title":{"rendered":"Presentan partido amistoso entre M\u00e9xico y Alemania en el Z\u00f3calo"},"content":{"rendered":"<p>Ex jugadores de las selecciones de <strong>M\u00e9xico<\/strong> y <strong>Alemania<\/strong> jugar\u00e1n un partido amistoso llamado &#8216;Las revanchas&#8217; el pr\u00f3ximo 9 de julio en el Z\u00f3calo de la Ciudad de M\u00e9xico, anunci\u00f3 el alcalde capitalino, Miguel \u00c1ngel Mancera.<\/p>\n<p>El exjugador alem\u00e1n Thomas Berthold y el mexicano Manuel Negrete estuvieron en la presentaci\u00f3n del encuentro y manifestaron que servir\u00e1 para recordar los dos enfrentamientos de estas selecciones en las Copas del Mundo de M\u00e9xico 1986 y Francia 1998, con victoria para los alemanes en ambas ocasiones.<\/p>\n<p>Mancera consider\u00f3 que el partido ser\u00e1 &#8220;una fiesta del f\u00fatbol&#8221; entre ambos pa\u00edses, aunque confi\u00f3 en que ahora gane <strong>M\u00e9xico<\/strong>.<\/p>\n<p style=\"text-align: center;\"><span style=\"color: #3366ff;\"><a style=\"color: #3366ff;\" href=\"https:\/\/www.futboltotal.com.mx\/2017\/06\/joya-buscada-en-liga-mx-sufre-arresto-tras-persecucion-policial\/\">VER M\u00c1S: Joya que es buscada en Liga MX, sufre arresto tras persecuci\u00f3n policial<\/a><\/span><\/p>\n<p>Record\u00f3 que el partido se celebrar\u00e1 al mediod\u00eda y estar\u00e1 abierto al p\u00fablico. Anticip\u00f3 que esperan la asistencia de unas 10.000 personas en el estadio que se &#8220;construir\u00e1&#8221; frente al Palacio Nacional y otras 30.000 personas en el \u00e1rea restante.<\/p>\n<p>En M\u00e9xico 86, <strong>Alemania<\/strong> derrot\u00f3 a <strong>M\u00e9xico<\/strong> por 4-1 en penaltis, en cuartos de final, mientras que en Francia 98, los germanos eliminaron a los mexicanos en octavos de final al ganar por 2-1.<\/p>\n<p>En el partido, los protagonistas del duelo de 1986 jugar\u00e1n el primer tiempo y los de 1998 entrar\u00e1n en el segunda mitad. El \u00e1rbitro ser\u00e1 el colombiano Jes\u00fas D\u00edaz, quien dirigi\u00f3 el partido de M\u00e9xico 86.<\/p>\n<p style=\"text-align: center;\"><span style=\"color: #3366ff;\"><a style=\"color: #3366ff;\" href=\"https:\/\/www.futboltotal.com.mx\/2017\/06\/bielsa-represento-cambio-chile-arturo-vidal\/\">VER M\u00c1S: Bielsa no represent\u00f3 un cambio para Chile: Arturo Vidal<\/a><\/span><\/p>\n<p>Por <strong>M\u00e9xico<\/strong>, a las \u00f3rdenes del t\u00e9cnico Manuel Lapuente, est\u00e1 previsto que jueguen Pablo Larios, Fernando Quirarte, Miguel Espa\u00f1a, F\u00e9lix Cruz, Francisco Javier Cruz, Tom\u00e1s Boy, Carlos Hermosillo, Manuel Negrete, Jorge Campos, Claudio Su\u00e1rez, Pavel Pardo, Alberto Garc\u00eda Aspe, Cuauht\u00e9moc Blanco, Luis Hern\u00e1ndez, Ram\u00f3n Ram\u00edrez y Luis Garc\u00eda.<\/p>\n<p>El combinado de <strong>Alemania<\/strong>, con Berti Vogts como t\u00e9cnico, estar\u00e1 conformado por Ulrich Stein, Matthias Herget, Andreas Brehme, Klaus Augenthaler, Thomas Berthold, Lothar Matth\u00e4us, Pierre Littbarski, Karl Allg\u00f6wer, Guido Buchwald, Frank Mill, J\u00f6rg Heinrich, Thomas Helmer, Steffen Freund, Thomas H\u00e4ssler, J\u00fcrgen Klinsmann y Olaf Marschall. EFE<\/p>\n","protected":false},"excerpt":{"rendered":"<p>El partido contar\u00e1 con los ex futbolistas del 98.<\/p>\n","protected":false},"author":144,"featured_media":484859,"comment_status":"closed","ping_status":"closed","sticky":false,"template":"","format":"standard","meta":[],"categories":[3839,2198],"tags":[6000,1762,65],"_links":{"self":[{"href":"http:\/\/desarrollo.grupomedios.com\/futbol\/wp-json\/wp\/v2\/posts\/484851"}],"collection":[{"href":"http:\/\/desarrollo.grupomedios.com\/futbol\/wp-json\/wp\/v2\/posts"}],"about":[{"href":"http:\/\/desarrollo.grupomedios.com\/futbol\/wp-json\/wp\/v2\/types\/post"}],"author":[{"embeddable":true,"href":"http:\/\/desarrollo.grupomedios.com\/futbol\/wp-json\/wp\/v2\/users\/144"}],"replies":[{"embeddable":true,"href":"http:\/\/desarrollo.grupomedios.com\/futbol\/wp-json\/wp\/v2\/comments?post=484851"}],"version-history":[{"count":2,"href":"http:\/\/desarrollo.grupomedios.com\/futbol\/wp-json\/wp\/v2\/posts\/484851\/revisions"}],"predecessor-version":[{"id":484861,"href":"http:\/\/desarrollo.grupomedios.com\/futbol\/wp-json\/wp\/v2\/posts\/484851\/revisions\/484861"}],"wp:featuredmedia":[{"embeddable":true,"href":"http:\/\/desarrollo.grupomedios.com\/futbol\/wp-json\/wp\/v2\/media\/484859"}],"wp:attachment":[{"href":"http:\/\/desarrollo.grupomedios.com\/futbol\/wp-json\/wp\/v2\/media?parent=484851"}],"wp:term":[{"taxonomy":"category","embeddable":true,"href":"http:\/\/desarrollo.grupomedios.com\/futbol\/wp-json\/wp\/v2\/categories?post=484851"},{"taxonomy":"post_tag","embeddable":true,"href":"http:\/\/desarrollo.grupomedios.com\/futbol\/wp-json\/wp\/v2\/tags?post=484851"}],"curies":[{"name":"wp","href":"https:\/\/api.w.org\/{rel}","templated":true}]}}