{"id":484862,"date":"2017-06-23T15:12:05","date_gmt":"2017-06-23T20:12:05","guid":{"rendered":"https:\/\/www.futboltotal.com.mx\/?p=484862"},"modified":"2017-06-23T15:14:13","modified_gmt":"2017-06-23T20:14:13","slug":"copa-confederaciones-2005-la-sorpresa-del-tri-la-mano-la-volpe","status":"publish","type":"post","link":"http:\/\/desarrollo.grupomedios.com\/futbol\/destacado-home\/copa-confederaciones-2005-la-sorpresa-del-tri-la-mano-la-volpe\/2017\/06","title":{"rendered":"2005: El Tri de La Volpe que sorprendi\u00f3 en Copa Confederaciones"},"content":{"rendered":"<p>En la edici\u00f3n de la<strong> Copa Confederaciones 2005<\/strong>, el <strong>TRI<\/strong> dio la sorpresa de la mano del entrenador argentino, <strong>Ricardo La Volpe<\/strong>, quien regres\u00f3 a M\u00e9xico al plano mayor en el torneo.<\/p>\n<p>Este equipo, que contaba con jugadores como Oswaldo S\u00e1nchez, Rafael M\u00e1rquez, Carlos Salcido, Pavel Pardo, Sinha y Jared Borguetti, es de los m\u00e1s recordados debido a la forma en que participaron en el torneo, pues terminaron l\u00edderes de grupo y jugar\u00f3n al t\u00fa por t\u00fa ante rivales como Brasil, Argentina y Alemania.<\/p>\n<p>En <strong>Futbol Total<\/strong>, seguimos con nuestro recuento de <strong>El TRI en Confederaciones<\/strong> y esta vez recordamos la edici\u00f3n de 2005, con La sorpresa del <strong>Tri<\/strong> de la mano de <strong>La Volpe<\/strong>.<\/p>\n<p style=\"text-align: center;\"><span style=\"color: #3366ff;\"><a style=\"color: #3366ff;\" href=\"https:\/\/www.futboltotal.com.mx\/2017\/06\/milan-barcelona-cerca-fichar-al-tecatito-corona\/\" target=\"_blank\" rel=\"noopener noreferrer\"><strong>VER M\u00c1S: Tecatito podr\u00eda ser fichado por el Barcelona<\/strong><\/a><\/span><\/p>\n<p>[video_player]https:\/\/player.vimeo.com\/external\/222429723.hd.mp4?s=10f551acb34ca346ac70c4feb08354da56b3a7f5&amp;profile_id=174[\/video_player]<\/p>\n<p style=\"text-align: center;\"><span style=\"color: #3366ff;\"><a style=\"color: #3366ff;\" href=\"https:\/\/www.futboltotal.com.mx\/2017\/06\/futbolista-del-atlas-podria-emigrar-a-europa\/\" target=\"_blank\" rel=\"noopener noreferrer\"><strong>VER M\u00c1S: Canterano del Atlas es bucado por clubes de Europa<\/strong><\/a><\/span><\/p>\n","protected":false},"excerpt":{"rendered":"<p>El TRI dej\u00f3 grandes recuerdos tras su notable participaci\u00f3n.<\/p>\n","protected":false},"author":129,"featured_media":484866,"comment_status":"closed","ping_status":"closed","sticky":false,"template":"","format":"standard","meta":[],"categories":[5,2198,3847],"tags":[1580,767],"_links":{"self":[{"href":"http:\/\/desarrollo.grupomedios.com\/futbol\/wp-json\/wp\/v2\/posts\/484862"}],"collection":[{"href":"http:\/\/desarrollo.grupomedios.com\/futbol\/wp-json\/wp\/v2\/posts"}],"about":[{"href":"http:\/\/desarrollo.grupomedios.com\/futbol\/wp-json\/wp\/v2\/types\/post"}],"author":[{"embeddable":true,"href":"http:\/\/desarrollo.grupomedios.com\/futbol\/wp-json\/wp\/v2\/users\/129"}],"replies":[{"embeddable":true,"href":"http:\/\/desarrollo.grupomedios.com\/futbol\/wp-json\/wp\/v2\/comments?post=484862"}],"version-history":[{"count":4,"href":"http:\/\/desarrollo.grupomedios.com\/futbol\/wp-json\/wp\/v2\/posts\/484862\/revisions"}],"predecessor-version":[{"id":484994,"href":"http:\/\/desarrollo.grupomedios.com\/futbol\/wp-json\/wp\/v2\/posts\/484862\/revisions\/484994"}],"wp:featuredmedia":[{"embeddable":true,"href":"http:\/\/desarrollo.grupomedios.com\/futbol\/wp-json\/wp\/v2\/media\/484866"}],"wp:attachment":[{"href":"http:\/\/desarrollo.grupomedios.com\/futbol\/wp-json\/wp\/v2\/media?parent=484862"}],"wp:term":[{"taxonomy":"category","embeddable":true,"href":"http:\/\/desarrollo.grupomedios.com\/futbol\/wp-json\/wp\/v2\/categories?post=484862"},{"taxonomy":"post_tag","embeddable":true,"href":"http:\/\/desarrollo.grupomedios.com\/futbol\/wp-json\/wp\/v2\/tags?post=484862"}],"curies":[{"name":"wp","href":"https:\/\/api.w.org\/{rel}","templated":true}]}}