{"id":484887,"date":"2017-06-22T20:34:11","date_gmt":"2017-06-23T01:34:11","guid":{"rendered":"https:\/\/www.futboltotal.com.mx\/?p=484887"},"modified":"2017-06-22T20:34:11","modified_gmt":"2017-06-23T01:34:11","slug":"el-crack-retro-de-copa-confederaciones-denilson","status":"publish","type":"post","link":"http:\/\/desarrollo.grupomedios.com\/futbol\/videos\/el-crack-retro-de-copa-confederaciones-denilson\/2017\/06","title":{"rendered":"El crack retro de Copa Confederaciones: Denilson"},"content":{"rendered":"<p><strong>Denilson, <\/strong>fiel a las cualidades de un jugador brasile\u00f1o contaba con velocidad, regate, explosividad y gran potencia en el disparo, se desempe\u00f1aba como extremo y pas\u00f3 a la historia por ser el fichaje m\u00e1s caro en la historia del futbol de su \u00e9poca al firmar con el Real Betis por 30.5\u00a0millones de d\u00f3lares.<\/p>\n<p style=\"text-align: center;\"><strong><a href=\"https:\/\/www.futboltotal.com.mx\/2017\/06\/rangers-oficial-llegada-eduardo-herrera-carlos-pena\/\" target=\"_blank\" rel=\"noopener noreferrer\"><span style=\"color: #333399;\">VER M\u00c1S:\u00a0Rangers hace oficial llegada de Eduardo Herrera y Carlos Pe\u00f1a<\/span><\/a><\/strong><\/p>\n<p>El jugador brasile\u00f1o debut\u00f3 en el <strong>Sao Paulo<\/strong> y visti\u00f3 los colores del <strong>Real Betis, Flamengo, Burdeos, Al-Nasr, Dallas, Palmeiras, Itumbiara,<\/strong>\u00a0<strong>Xi Mang Hai Phong<\/strong> y <strong>Kavala<\/strong>, adem\u00e1s de haber jugado con la <strong>Selecci\u00f3n de Brasil<\/strong>, con la que se coron\u00f3 campe\u00f3n de la <strong>Copa Confederaciones<\/strong>\u00a0de <strong>Arabia Saudita<\/strong> <strong>1997<\/strong> y recordamos su actuaci\u00f3n en la justa internacional.<\/p>\n<p style=\"text-align: center;\"><span style=\"color: #333399;\"><a style=\"color: #333399;\" href=\"https:\/\/www.futboltotal.com.mx\/2017\/06\/las-sedes-la-copa-confederaciones-rusia-2017\/\" target=\"_blank\" rel=\"noopener noreferrer\"><strong>VER M\u00c1S: Las sedes de la Confederaciones, checa el mapa con im\u00e1genes y video de cada estadio<\/strong><\/a><\/span><\/p>\n<p style=\"text-align: left;\">[video_player]\u00a0https:\/\/player.vimeo.com\/external\/222265489.hd.mp4?s=dd538c1ecbe9806c99f98f3009125fe250fef841&amp;profile_id=174 [\/video_player]<\/p>\n","protected":false},"excerpt":{"rendered":"<p>Denilson el jugador que se convirti\u00f3 en el fichaje m\u00e1s caro de su \u00e9poca.<\/p>\n","protected":false},"author":20,"featured_media":484906,"comment_status":"closed","ping_status":"closed","sticky":false,"template":"","format":"standard","meta":[],"categories":[3868,7570,3839,6382,4],"tags":[9126,6009,2866,1580,3502,1999,755,9127,9129,2402,1192,2093,9128],"_links":{"self":[{"href":"http:\/\/desarrollo.grupomedios.com\/futbol\/wp-json\/wp\/v2\/posts\/484887"}],"collection":[{"href":"http:\/\/desarrollo.grupomedios.com\/futbol\/wp-json\/wp\/v2\/posts"}],"about":[{"href":"http:\/\/desarrollo.grupomedios.com\/futbol\/wp-json\/wp\/v2\/types\/post"}],"author":[{"embeddable":true,"href":"http:\/\/desarrollo.grupomedios.com\/futbol\/wp-json\/wp\/v2\/users\/20"}],"replies":[{"embeddable":true,"href":"http:\/\/desarrollo.grupomedios.com\/futbol\/wp-json\/wp\/v2\/comments?post=484887"}],"version-history":[{"count":1,"href":"http:\/\/desarrollo.grupomedios.com\/futbol\/wp-json\/wp\/v2\/posts\/484887\/revisions"}],"predecessor-version":[{"id":484907,"href":"http:\/\/desarrollo.grupomedios.com\/futbol\/wp-json\/wp\/v2\/posts\/484887\/revisions\/484907"}],"wp:featuredmedia":[{"embeddable":true,"href":"http:\/\/desarrollo.grupomedios.com\/futbol\/wp-json\/wp\/v2\/media\/484906"}],"wp:attachment":[{"href":"http:\/\/desarrollo.grupomedios.com\/futbol\/wp-json\/wp\/v2\/media?parent=484887"}],"wp:term":[{"taxonomy":"category","embeddable":true,"href":"http:\/\/desarrollo.grupomedios.com\/futbol\/wp-json\/wp\/v2\/categories?post=484887"},{"taxonomy":"post_tag","embeddable":true,"href":"http:\/\/desarrollo.grupomedios.com\/futbol\/wp-json\/wp\/v2\/tags?post=484887"}],"curies":[{"name":"wp","href":"https:\/\/api.w.org\/{rel}","templated":true}]}}