{"id":484908,"date":"2017-06-22T21:07:32","date_gmt":"2017-06-23T02:07:32","guid":{"rendered":"https:\/\/www.futboltotal.com.mx\/?p=484908"},"modified":"2017-06-22T21:07:32","modified_gmt":"2017-06-23T02:07:32","slug":"piensan-los-chilenos-la-posibilidad-enfrentar-al-tri","status":"publish","type":"post","link":"http:\/\/desarrollo.grupomedios.com\/futbol\/futbol-mexicano\/piensan-los-chilenos-la-posibilidad-enfrentar-al-tri\/2017\/06","title":{"rendered":"\u00bfQu\u00e9 piensan los chilenos, de la posibilidad de enfrentar al Tri?"},"content":{"rendered":"<p><strong>Chile<\/strong> y la <strong>Selecci\u00f3n Mexicana<\/strong> podr\u00edan enfrentarse en las Semifinales de la Copa Confederaciones 2017, lo que ser\u00eda, el primer encuentro entre ambas selecciones, despu\u00e9s del duelo que sostuvieron en los Cuartos de Final de la Copa Am\u00e9rica Centenario.<\/p>\n<p>Ante ello, jugadores de la <span style=\"color: #ff0000;\"><a style=\"color: #ff0000;\" href=\"http:\/\/www.futboltotal.com.mx\/futbol-mexicano\/seleccion-mexicana\/\" target=\"_blank\" rel=\"noopener noreferrer\">Selecci\u00f3n Mexicana<\/a><\/span> y afici\u00f3n, piensan que el reencuentro ante <strong>Chile<\/strong> podr\u00eda ser una revancha, la oportunidad perfecta para sacudirse el mal sabor de boca de aquella Copa Am\u00e9rica, a un a\u00f1o del suceso. Pero, por el lado de los andinos, \u00bfcu\u00e1l es su pensamiento sobre esa posibilidad?<\/p>\n<p style=\"text-align: center;\"><span style=\"color: #3366ff;\"><a style=\"color: #3366ff;\" href=\"https:\/\/www.futboltotal.com.mx\/2017\/06\/posible-refuerzo-cruz-azul-sufre-epico-engano\/\" target=\"_blank\" rel=\"noopener noreferrer\"><strong>VER M\u00c1S: Posible fichaje de Cruz Azul, habr\u00eda sufrido de enga\u00f1o<\/strong><\/a><\/span><\/p>\n<p>\u201cNo nos significa nada, ser\u00eda un partido m\u00e1s. Ser\u00eda una linda Final, pero ni siquiera pensamos en una Semifinal, porque tenemos que ganar primero el domingo para ver si clasificamos\u201d, explic\u00f3 el mediocampista, Marcelo D\u00edaz.<\/p>\n<p>\u201cNo pensamos en qui\u00e9n nos pueda tocar, sino en ser mejores partido a partido. Esperamos ganar el pr\u00f3ximo partido y pensamos en ser campeones nada m\u00e1s\u201d, agrega <strong>Arturo Vidal<\/strong>, tras la segunda fecha de la Fase de Grupos de la Copa Confederaciones.<\/p>\n<p style=\"text-align: center;\"><span style=\"color: #3366ff;\"><a style=\"color: #3366ff;\" href=\"https:\/\/www.futboltotal.com.mx\/2017\/06\/israel-castro-seguira-jugando-deportivo-toledo\/\" target=\"_blank\" rel=\"noopener noreferrer\"><strong>VER M\u00c1S: Israel Castro da a conocer su futuro<\/strong><\/a><\/span><\/p>\n","protected":false},"excerpt":{"rendered":"<p>\u201cNo significa nada\u201d, dicen seleccionados andinos, en Copa Confederaciones.<\/p>\n","protected":false},"author":20,"featured_media":484909,"comment_status":"closed","ping_status":"closed","sticky":false,"template":"","format":"standard","meta":[],"categories":[3868,3839,2198,3847],"tags":[406,142],"_links":{"self":[{"href":"http:\/\/desarrollo.grupomedios.com\/futbol\/wp-json\/wp\/v2\/posts\/484908"}],"collection":[{"href":"http:\/\/desarrollo.grupomedios.com\/futbol\/wp-json\/wp\/v2\/posts"}],"about":[{"href":"http:\/\/desarrollo.grupomedios.com\/futbol\/wp-json\/wp\/v2\/types\/post"}],"author":[{"embeddable":true,"href":"http:\/\/desarrollo.grupomedios.com\/futbol\/wp-json\/wp\/v2\/users\/20"}],"replies":[{"embeddable":true,"href":"http:\/\/desarrollo.grupomedios.com\/futbol\/wp-json\/wp\/v2\/comments?post=484908"}],"version-history":[{"count":1,"href":"http:\/\/desarrollo.grupomedios.com\/futbol\/wp-json\/wp\/v2\/posts\/484908\/revisions"}],"predecessor-version":[{"id":484911,"href":"http:\/\/desarrollo.grupomedios.com\/futbol\/wp-json\/wp\/v2\/posts\/484908\/revisions\/484911"}],"wp:featuredmedia":[{"embeddable":true,"href":"http:\/\/desarrollo.grupomedios.com\/futbol\/wp-json\/wp\/v2\/media\/484909"}],"wp:attachment":[{"href":"http:\/\/desarrollo.grupomedios.com\/futbol\/wp-json\/wp\/v2\/media?parent=484908"}],"wp:term":[{"taxonomy":"category","embeddable":true,"href":"http:\/\/desarrollo.grupomedios.com\/futbol\/wp-json\/wp\/v2\/categories?post=484908"},{"taxonomy":"post_tag","embeddable":true,"href":"http:\/\/desarrollo.grupomedios.com\/futbol\/wp-json\/wp\/v2\/tags?post=484908"}],"curies":[{"name":"wp","href":"https:\/\/api.w.org\/{rel}","templated":true}]}}