{"id":484914,"date":"2017-06-22T21:35:43","date_gmt":"2017-06-23T02:35:43","guid":{"rendered":"https:\/\/www.futboltotal.com.mx\/?p=484914"},"modified":"2017-06-22T21:35:43","modified_gmt":"2017-06-23T02:35:43","slug":"tri-copa-oro-sufre-lesiones","status":"publish","type":"post","link":"http:\/\/desarrollo.grupomedios.com\/futbol\/destacado-home\/tri-copa-oro-sufre-lesiones\/2017\/06","title":{"rendered":"\u00a1Tri de Copa Oro tambi\u00e9n sufre de lesiones!"},"content":{"rendered":"<p>Solo faltan 15 d\u00edas para el arranque de la Copa Oro 2017, por ello la <span style=\"color: #ff0000;\"><a style=\"color: #ff0000;\" href=\"http:\/\/www.futboltotal.com.mx\/futbol-mexicano\/seleccion-mexicana\/\" target=\"_blank\" rel=\"noopener noreferrer\">Selecci\u00f3n Mexicana<\/a><\/span> se sigue preparando, en busca de llegar en el mejor ritmo posible a la justa de CONCACAF; sin embargo, los coordinados por Luis Pompilio P\u00e1ez ya tiene preocupaciones, pues cuentan con dos jugadores que se ausentaron de la \u00faltima pr\u00e1ctica.<\/p>\n<p>Alan Pulido y Mart\u00edn Barrag\u00e1n se encuentran con molestias musculares, por lo que no han trabajado al parejo con la <strong>Selecci\u00f3n Mexicana<\/strong>, en el Centro de Alto Rendimiento de la Federaci\u00f3n Mexicana de Futbol. Incluso, los dos estuvieron ausentes, en la pr\u00e1ctica del jueves 22 de junio.<\/p>\n<p style=\"text-align: center;\"><span style=\"color: #3366ff;\"><a style=\"color: #3366ff;\" href=\"https:\/\/www.futboltotal.com.mx\/2017\/06\/posible-refuerzo-cruz-azul-sufre-epico-engano\/\" target=\"_blank\" rel=\"noopener noreferrer\"><strong>VER M\u00c1S: Enga\u00f1an a posible fichaje del Cruz Azul<\/strong><\/a><\/span><\/p>\n<blockquote class=\"twitter-video\" data-lang=\"es\">\n<p dir=\"ltr\" lang=\"es\">\u00a1Iniciamos pr\u00e1ctica vespertina en el CAR!<a href=\"https:\/\/twitter.com\/hashtag\/SomosM%C3%A9xico?src=hash\">#SomosM\u00e9xico<\/a> <a href=\"https:\/\/t.co\/Oe4eNkyt78\">pic.twitter.com\/Oe4eNkyt78<\/a><\/p>\n<p>\u2014 Selecci\u00f3n Nacional (@miseleccionmx) <a href=\"https:\/\/twitter.com\/miseleccionmx\/status\/878012946533801984\">22 de junio de 2017<\/a><\/p><\/blockquote>\n<p><script async src=\"\/\/platform.twitter.com\/widgets.js\" charset=\"utf-8\"><\/script><\/p>\n<p>\u201cEl d\u00eda de ma\u00f1ana (viernes 23) la actividad continuar\u00e1 con un partido de preparaci\u00f3n que la <strong>Selecci\u00f3n Mexicana<\/strong> disputar\u00e1 contra el Club Atl\u00e9tico Zacatepec en el Centro de Alto Rendimiento a puerta cerrada. El Tripartir\u00e1 rumbo a Houston el pr\u00f3ximo lunes 26 de junio, en donde disputar\u00e1 su primer partido de preparaci\u00f3n en territorio estadounidense previo a su debut en la Copa Oro\u201d, inform\u00f3 la FMF en comunicado.<\/p>\n<p style=\"text-align: center;\"><span style=\"color: #3366ff;\"><a style=\"color: #3366ff;\" href=\"https:\/\/www.futboltotal.com.mx\/2017\/06\/sujeto-se-pasar-landin-entrevistado-periodista-fox-sports\/\" target=\"_blank\" rel=\"noopener noreferrer\"><strong>VER M\u00c1S: Se burlan de periodista de Fox Sports por entrevistar a hombre equivocado<\/strong><\/a><\/span><\/p>\n<blockquote class=\"twitter-tweet\" data-lang=\"es\">\n<p dir=\"ltr\" lang=\"es\"><a href=\"https:\/\/twitter.com\/hashtag\/NotiTuit?src=hash\">#NotiTuit<\/a> | <a href=\"https:\/\/twitter.com\/Emperador_Mx\">@Emperador_Mx<\/a><\/p>\n<p>La preparaci\u00f3n rumbo a <a href=\"https:\/\/twitter.com\/CopaOro\">@CopaOro<\/a> no se detiene, hoy hicimos doble sesi\u00f3n en el CAR. <a href=\"https:\/\/t.co\/TMgxKUXRx8\">pic.twitter.com\/TMgxKUXRx8<\/a><\/p>\n<p>\u2014 Selecci\u00f3n Nacional (@miseleccionmx) <a href=\"https:\/\/twitter.com\/miseleccionmx\/status\/878073877712195588\">23 de junio de 2017<\/a><\/p><\/blockquote>\n<p><script async src=\"\/\/platform.twitter.com\/widgets.js\" charset=\"utf-8\"><\/script><\/p>\n<p style=\"text-align: center;\"><span style=\"color: #3366ff;\"><a style=\"color: #3366ff;\" href=\"https:\/\/www.futboltotal.com.mx\/2017\/06\/premian-a-mexicanos-gritan-puto-en-rusia\/\" target=\"_blank\" rel=\"noopener noreferrer\"><strong>VER M\u00c1S: Premian a mexicanos que se portan bien en Rusia<\/strong><\/a><\/span><\/p>\n","protected":false},"excerpt":{"rendered":"<p>Alan Pulido y Mart\u00edn Barrag\u00e1n, no entrenan al parejo, en sesi\u00f3n en el CAR.<\/p>\n","protected":false},"author":20,"featured_media":484916,"comment_status":"closed","ping_status":"closed","sticky":false,"template":"","format":"standard","meta":[],"categories":[5,2198,3847],"tags":[1934,142],"_links":{"self":[{"href":"http:\/\/desarrollo.grupomedios.com\/futbol\/wp-json\/wp\/v2\/posts\/484914"}],"collection":[{"href":"http:\/\/desarrollo.grupomedios.com\/futbol\/wp-json\/wp\/v2\/posts"}],"about":[{"href":"http:\/\/desarrollo.grupomedios.com\/futbol\/wp-json\/wp\/v2\/types\/post"}],"author":[{"embeddable":true,"href":"http:\/\/desarrollo.grupomedios.com\/futbol\/wp-json\/wp\/v2\/users\/20"}],"replies":[{"embeddable":true,"href":"http:\/\/desarrollo.grupomedios.com\/futbol\/wp-json\/wp\/v2\/comments?post=484914"}],"version-history":[{"count":1,"href":"http:\/\/desarrollo.grupomedios.com\/futbol\/wp-json\/wp\/v2\/posts\/484914\/revisions"}],"predecessor-version":[{"id":484917,"href":"http:\/\/desarrollo.grupomedios.com\/futbol\/wp-json\/wp\/v2\/posts\/484914\/revisions\/484917"}],"wp:featuredmedia":[{"embeddable":true,"href":"http:\/\/desarrollo.grupomedios.com\/futbol\/wp-json\/wp\/v2\/media\/484916"}],"wp:attachment":[{"href":"http:\/\/desarrollo.grupomedios.com\/futbol\/wp-json\/wp\/v2\/media?parent=484914"}],"wp:term":[{"taxonomy":"category","embeddable":true,"href":"http:\/\/desarrollo.grupomedios.com\/futbol\/wp-json\/wp\/v2\/categories?post=484914"},{"taxonomy":"post_tag","embeddable":true,"href":"http:\/\/desarrollo.grupomedios.com\/futbol\/wp-json\/wp\/v2\/tags?post=484914"}],"curies":[{"name":"wp","href":"https:\/\/api.w.org\/{rel}","templated":true}]}}