{"id":484943,"date":"2017-06-23T11:08:31","date_gmt":"2017-06-23T16:08:31","guid":{"rendered":"https:\/\/www.futboltotal.com.mx\/?p=484943"},"modified":"2017-06-23T11:10:08","modified_gmt":"2017-06-23T16:10:08","slug":"fabian-salcedo-estrenaran-uniforme-eintrach-frankfurt","status":"publish","type":"post","link":"http:\/\/desarrollo.grupomedios.com\/futbol\/futbol-internacional\/fabian-salcedo-estrenaran-uniforme-eintrach-frankfurt\/2017\/06","title":{"rendered":"Fabi\u00e1n y Salcedo estrenar\u00e1n uniforme con el Eintrach Frankfurt"},"content":{"rendered":"<p>El cuadro alem\u00e1n <strong>Eintrach Frankfurt<\/strong>, present\u00f3 su nueva indumentaria la cual ser\u00e1 patrocinada por cuarto a\u00f1o consecutivo por <strong>Nike<\/strong>, y que adem\u00e1s, utilizar\u00e1n los mexicanos <strong>Marco Fabi\u00e1n<\/strong> y <strong>Carlos Salcedo<\/strong>.<\/p>\n<p style=\"text-align: center;\"><span style=\"color: #333399;\"><a style=\"color: #333399;\" href=\"https:\/\/www.futboltotal.com.mx\/2017\/06\/kara-del-toro-la-mujer-la-suspiran-gio-gignac\/\" target=\"_blank\" rel=\"noopener noreferrer\">VER M\u00c1S: La belleza de Kara del Toro<\/a><\/span><\/p>\n<p>A trav\u00e9s de un video en sus redes sociales, las <strong>\u00c1guilas<\/strong> mostraron su nuevo jersey, el cual utilizar\u00e1n para la temporada 2017-2018 en la <strong>Bundesliga<\/strong>.<\/p>\n<blockquote class=\"twitter-video\" data-lang=\"es\">\n<p dir=\"ltr\" lang=\"es\">&#8220;Negro en blanco&#8221;\u26ab\ufe0f\u26aa\ufe0f<\/p>\n<p>Nuevo jersey de local de <a href=\"https:\/\/twitter.com\/hashtag\/Eintracht?src=hash\">#Eintracht<\/a> con un estilo cl\u00e1sico.<\/p>\n<p>&#x1f455;Cuarto a\u00f1o con <a href=\"https:\/\/twitter.com\/Nike\">@Nike<\/a> \u200b<br \/>\n&#x1f64c;Patrocinio principal con <a href=\"https:\/\/twitter.com\/indeed\">@indeed<\/a> <a href=\"https:\/\/t.co\/F2uzfxG1vf\">pic.twitter.com\/F2uzfxG1vf<\/a><\/p>\n<p>\u2014 eintracht_esp (@eintracht_esp) <a href=\"https:\/\/twitter.com\/eintracht_esp\/status\/878273597038444544\">23 de junio de 2017<\/a><\/p><\/blockquote>\n<p><script async src=\"\/\/platform.twitter.com\/widgets.js\" charset=\"utf-8\"><\/script><\/p>\n<p>Cabe recordar que <strong>Carlos Salcedo<\/strong> tuvo una lesi\u00f3n en el hombro durante el encuentro de Nueva Zelanda en la <strong>Copa Confederaciones<\/strong>, que lo mantendr\u00e1 alejado de las canchas por tres meses.<\/p>\n<p style=\"text-align: center;\"><span style=\"color: #333399;\"><a style=\"color: #333399;\" href=\"https:\/\/www.futboltotal.com.mx\/2017\/06\/seleccion-mexicana-nuevo-patrocinador\/\" target=\"_blank\" rel=\"noopener noreferrer\">VER M\u00c1S: El nuevo patrocinador del TRI<\/a><\/span><\/p>\n","protected":false},"excerpt":{"rendered":"<p>Ambos futbolistas mexicanos vestir\u00e1n los colores del equipo de la Bundesliga<\/p>\n","protected":false},"author":20,"featured_media":435772,"comment_status":"closed","ping_status":"closed","sticky":false,"template":"","format":"standard","meta":[],"categories":[3839],"tags":[119,5531,8482,131],"_links":{"self":[{"href":"http:\/\/desarrollo.grupomedios.com\/futbol\/wp-json\/wp\/v2\/posts\/484943"}],"collection":[{"href":"http:\/\/desarrollo.grupomedios.com\/futbol\/wp-json\/wp\/v2\/posts"}],"about":[{"href":"http:\/\/desarrollo.grupomedios.com\/futbol\/wp-json\/wp\/v2\/types\/post"}],"author":[{"embeddable":true,"href":"http:\/\/desarrollo.grupomedios.com\/futbol\/wp-json\/wp\/v2\/users\/20"}],"replies":[{"embeddable":true,"href":"http:\/\/desarrollo.grupomedios.com\/futbol\/wp-json\/wp\/v2\/comments?post=484943"}],"version-history":[{"count":3,"href":"http:\/\/desarrollo.grupomedios.com\/futbol\/wp-json\/wp\/v2\/posts\/484943\/revisions"}],"predecessor-version":[{"id":484947,"href":"http:\/\/desarrollo.grupomedios.com\/futbol\/wp-json\/wp\/v2\/posts\/484943\/revisions\/484947"}],"wp:featuredmedia":[{"embeddable":true,"href":"http:\/\/desarrollo.grupomedios.com\/futbol\/wp-json\/wp\/v2\/media\/435772"}],"wp:attachment":[{"href":"http:\/\/desarrollo.grupomedios.com\/futbol\/wp-json\/wp\/v2\/media?parent=484943"}],"wp:term":[{"taxonomy":"category","embeddable":true,"href":"http:\/\/desarrollo.grupomedios.com\/futbol\/wp-json\/wp\/v2\/categories?post=484943"},{"taxonomy":"post_tag","embeddable":true,"href":"http:\/\/desarrollo.grupomedios.com\/futbol\/wp-json\/wp\/v2\/tags?post=484943"}],"curies":[{"name":"wp","href":"https:\/\/api.w.org\/{rel}","templated":true}]}}