{"id":484949,"date":"2017-06-23T12:01:32","date_gmt":"2017-06-23T17:01:32","guid":{"rendered":"https:\/\/www.futboltotal.com.mx\/?p=484949"},"modified":"2017-06-23T12:04:21","modified_gmt":"2017-06-23T17:04:21","slug":"5-inolvidables-momentos-zinedine-zidane","status":"publish","type":"post","link":"http:\/\/desarrollo.grupomedios.com\/futbol\/futbol-internacional\/5-inolvidables-momentos-zinedine-zidane\/2017\/06","title":{"rendered":"5 inolvidables momentos de Zinedine Zidane"},"content":{"rendered":"<p>El ex futbolista y ahora director t\u00e9cnico franc\u00e9s, <strong>Zinedine Zidane<\/strong>, cumple 45 a\u00f1os y a lo largo de su trayectoria ha tenido momentos \u00e9picos que merecen ser recordados para festejar el cumplea\u00f1os de uno de los futbolistas m\u00e1s elegantes en la historia del balompi\u00e9.<\/p>\n<p><strong>1.La Ruleta<\/strong><\/p>\n<p>Tambi\u00e9n conocida como la &#8216;Roulette&#8217;, fue un movimiento que hizo famoso <strong>Zidane<\/strong>, ahora muchos futbolistas lo replican, pero sin duda el futbolista franc\u00e9s fue quien impuso ese movimiento en el cat\u00e1logo de las mejores fintas en el mundo futbol\u00edstico.<\/p>\n<p><iframe loading=\"lazy\" src=\"https:\/\/www.youtube.com\/embed\/u0cusxYv2Lw?start=46&#038;feature=oembed\" frameborder=\"0\" allowfullscreen><\/iframe><\/p>\n<p><strong>2. Campe\u00f3n del Mundo<\/strong><\/p>\n<p>Sin duda, uno de los momento que marcaron la carrera de <strong>Zidane<\/strong> y lo han puesto como uno de los futbolistas m\u00e1s importantes del mundo, es la Copa del Mundo que conquist\u00f3 en su pa\u00eds,<strong> Francia<\/strong>, venciendo a Brasil.<\/p>\n<p style=\"text-align: center;\"><span style=\"color: #333399;\"><a style=\"color: #333399;\" href=\"https:\/\/www.futboltotal.com.mx\/2017\/06\/kara-del-toro-la-mujer-la-suspiran-gio-gignac\/\" target=\"_blank\" rel=\"noopener noreferrer\">VER M\u00c1S: La sensual Kara del Toro le roba la atenci\u00f3n a Gio y Gignac<\/a><\/span><\/p>\n<p>El &#8217;10&#8217; anot\u00f3 en dos ocasiones en aquella final que le dio a <strong>Francia<\/strong> su primer t\u00edtulo mundial. A destacar que en aquella ocasi\u00f3n no fueron los\u00a0pies de <strong>&#8216;Zizou&#8217;<\/strong> los que sacaron la magia, sino dos goles con la cabeza.<\/p>\n<p><iframe loading=\"lazy\" src=\"https:\/\/www.youtube.com\/embed\/4rMZcpr32n4?feature=oembed\" frameborder=\"0\" allowfullscreen><\/iframe><\/p>\n<p><strong>3. Gol vs Bayer Leverkusen<\/strong><\/p>\n<p>Los madridistas jam\u00e1s olvidar\u00e1n la famosa &#8216;volea&#8217; de <strong>Zidane<\/strong> que les dio su novena t\u00edtulo de <strong>Champions League<\/strong>. El cuadro merengue venci\u00f3 al Bayer Leverkusen gracias a ese gol que les dio el 2-1 a los merengues.<\/p>\n<p><iframe loading=\"lazy\" src=\"https:\/\/www.youtube.com\/embed\/QryFUtRtUiM?feature=oembed\" frameborder=\"0\" allowfullscreen><\/iframe><\/p>\n<p><strong>4. Cabezazo a Materazzi<\/strong><\/p>\n<p>Probablemente sea un momento que <strong>Zidane<\/strong> quiera olvidar, sin embargo, no cabe duda que es uno de esos sucesos que marcaron la historia en las Copas del Mundo. En la final de Alemania 2006, Francia e Italia se enfrentaron, <strong>Zidane<\/strong> anot\u00f3 un gol de penal para poner arriba a los suyos.<\/p>\n<p>Sin embargo, cuando el partido estaba empatado, <strong>&#8216;Zizou&#8217;<\/strong> perdi\u00f3 la cabeza y cay\u00f3 ante las provocaciones del defensa italiano, Marco Materazzi, a quien le propin\u00f3 un cabezazo que lo llev\u00f3 a ser expulsado y a la postre, se qued\u00f3 sin Copa del Mundo.<\/p>\n<p><iframe loading=\"lazy\" src=\"https:\/\/www.youtube.com\/embed\/FRDpZoJy8PI?feature=oembed\" frameborder=\"0\" allowfullscreen><\/iframe><\/p>\n<p><strong>5. Doblete con el Real Madrid<\/strong><\/p>\n<p>Ya en su etapa como director t\u00e9cnico del <strong>Real Madrid<\/strong> ha conseguido se campe\u00f3n en dos ocasiones de la <strong>Champions League<\/strong>.<\/p>\n<p>La primera ante el Atl\u00e9tico de Madrid, a quien venci\u00f3 en penales luego de un duelo cerrado en el estadio Giuseppe Meazza en 2016.<\/p>\n<p>Apenas en 2017, venci\u00f3 a la Juventus por un contundente marcador de 4-1, en un duelo realizado en Cardiff, Gales.<\/p>\n<p>De esta forma, <strong>Zidane<\/strong> no solo le dio la novena copa europea a los merengues, sino tambi\u00e9n la onceava y doceava.<\/p>\n<p><a href=\"https:\/\/www.futboltotal.com.mx\/wp-content\/uploads\/2017\/06\/zizou.jpg\"><img decoding=\"async\" loading=\"lazy\" class=\"alignnone size-full wp-image-484953\" src=\"https:\/\/www.futboltotal.com.mx\/wp-content\/uploads\/2017\/06\/zizou.jpg\" alt=\"5 inolvidables momentos de Zinedine Zidane 0\" srcset=\"http:\/\/desarrollo.grupomedios.com\/futbol\/wp-content\/uploads\/2017\/06\/zizou.jpg 594w, http:\/\/desarrollo.grupomedios.com\/futbol\/wp-content\/uploads\/2017\/06\/zizou-300x215.jpg 300w\" sizes=\"(max-width: 594px) 100vw, 594px\" \/><\/a><\/p>\n<p style=\"text-align: center;\"><span style=\"color: #333399;\"><a style=\"color: #333399;\" href=\"https:\/\/www.futboltotal.com.mx\/2017\/06\/champions-2006-la-habriamos-ganado-var-arsene-wenger\/\" target=\"_blank\" rel=\"noopener noreferrer\">VER M\u00c1S: Con VAR, Champions del 2006 habr\u00eda sido del Arsenal<\/a><\/span><\/p>\n","protected":false},"excerpt":{"rendered":"<p>El ex futbolista y ahora director t\u00e9cnico franc\u00e9s cumple 45 a\u00f1os y lo recordamos con sus mejores momentos<\/p>\n","protected":false},"author":159,"featured_media":471531,"comment_status":"closed","ping_status":"closed","sticky":false,"template":"","format":"standard","meta":[],"categories":[3839],"tags":[36,125,413,5988,2215],"_links":{"self":[{"href":"http:\/\/desarrollo.grupomedios.com\/futbol\/wp-json\/wp\/v2\/posts\/484949"}],"collection":[{"href":"http:\/\/desarrollo.grupomedios.com\/futbol\/wp-json\/wp\/v2\/posts"}],"about":[{"href":"http:\/\/desarrollo.grupomedios.com\/futbol\/wp-json\/wp\/v2\/types\/post"}],"author":[{"embeddable":true,"href":"http:\/\/desarrollo.grupomedios.com\/futbol\/wp-json\/wp\/v2\/users\/159"}],"replies":[{"embeddable":true,"href":"http:\/\/desarrollo.grupomedios.com\/futbol\/wp-json\/wp\/v2\/comments?post=484949"}],"version-history":[{"count":3,"href":"http:\/\/desarrollo.grupomedios.com\/futbol\/wp-json\/wp\/v2\/posts\/484949\/revisions"}],"predecessor-version":[{"id":484957,"href":"http:\/\/desarrollo.grupomedios.com\/futbol\/wp-json\/wp\/v2\/posts\/484949\/revisions\/484957"}],"wp:featuredmedia":[{"embeddable":true,"href":"http:\/\/desarrollo.grupomedios.com\/futbol\/wp-json\/wp\/v2\/media\/471531"}],"wp:attachment":[{"href":"http:\/\/desarrollo.grupomedios.com\/futbol\/wp-json\/wp\/v2\/media?parent=484949"}],"wp:term":[{"taxonomy":"category","embeddable":true,"href":"http:\/\/desarrollo.grupomedios.com\/futbol\/wp-json\/wp\/v2\/categories?post=484949"},{"taxonomy":"post_tag","embeddable":true,"href":"http:\/\/desarrollo.grupomedios.com\/futbol\/wp-json\/wp\/v2\/tags?post=484949"}],"curies":[{"name":"wp","href":"https:\/\/api.w.org\/{rel}","templated":true}]}}