{"id":484958,"date":"2017-06-23T12:26:52","date_gmt":"2017-06-23T17:26:52","guid":{"rendered":"https:\/\/www.futboltotal.com.mx\/?p=484958"},"modified":"2017-06-23T12:29:26","modified_gmt":"2017-06-23T17:29:26","slug":"tengo-potencial-mucho-dar-en-europa-raul-jimenez","status":"publish","type":"post","link":"http:\/\/desarrollo.grupomedios.com\/futbol\/futbol-mexicano\/tengo-potencial-mucho-dar-en-europa-raul-jimenez\/2017\/06","title":{"rendered":"Tengo potencial y mucho que dar en Europa: Ra\u00fal Jim\u00e9nez"},"content":{"rendered":"<p>El delantero de la <strong>Selecci\u00f3n Mexicana<\/strong> y del <strong>Benfica<\/strong>, <strong>Ra\u00fal Jim\u00e9nez<\/strong>, indic\u00f3 que no se encuentra en sus planes abandonar el futbol del Viejo Continente y de paso asegur\u00f3 que en su futuro no se encuentra el balompi\u00e9 asi\u00e1tico.<\/p>\n<blockquote><p>&#8220;China est\u00e1 descartada, tengo potencial y mucho que dar en Europa&#8221;, indic\u00f3 Jim\u00e9nez para el diario <em>ESTO<\/em>.<\/p><\/blockquote>\n<p style=\"text-align: center;\"><span style=\"color: #333399;\"><a style=\"color: #333399;\" href=\"https:\/\/www.futboltotal.com.mx\/2017\/06\/5-inolvidables-momentos-zinedine-zidane\/\" target=\"_blank\" rel=\"noopener noreferrer\">VER M\u00c1S: 5 inolvidables momentos de Zinedine Zidane<\/a><\/span><\/p>\n<p>Sin embargo, el delantero no est\u00e1 seguro de en d\u00f3nde jugar\u00e1 la siguiente temporada, pues establece que\u00a0\u201ccualquier cosa puede pasar\u201d, aunque al terminar su participaci\u00f3n en la <strong>Copa Confederaciones<\/strong> tiene que reportar con el Benfica.<\/p>\n<p>&#8220;Quiero ofrecerle m\u00e1s al equipo que ha confiado en m\u00ed, m\u00e1s a <strong>Benfica<\/strong> y tengo que presentarme despu\u00e9s de Confederaciones&#8221;, estableci\u00f3 el ex americanista.<\/p>\n<p style=\"text-align: center;\"><span style=\"color: #333399;\"><a style=\"color: #333399;\" href=\"https:\/\/www.futboltotal.com.mx\/2017\/06\/mauro-formica-queria-llegar-a-mexico\/v\" target=\"_blank\" rel=\"noopener noreferrer\">VER M\u00c1S: Refuerzo de Pumas no quer\u00eda venir a M\u00e9xico\u00a0<\/a><\/span><\/p>\n","protected":false},"excerpt":{"rendered":"<p>El delantero mexicano descart\u00f3 por completo llegar al futbol de China, como se hab\u00eda especulado<\/p>\n","protected":false},"author":20,"featured_media":484437,"comment_status":"closed","ping_status":"closed","sticky":false,"template":"","format":"standard","meta":[],"categories":[3839,2198,3847],"tags":[6060,1580,742],"_links":{"self":[{"href":"http:\/\/desarrollo.grupomedios.com\/futbol\/wp-json\/wp\/v2\/posts\/484958"}],"collection":[{"href":"http:\/\/desarrollo.grupomedios.com\/futbol\/wp-json\/wp\/v2\/posts"}],"about":[{"href":"http:\/\/desarrollo.grupomedios.com\/futbol\/wp-json\/wp\/v2\/types\/post"}],"author":[{"embeddable":true,"href":"http:\/\/desarrollo.grupomedios.com\/futbol\/wp-json\/wp\/v2\/users\/20"}],"replies":[{"embeddable":true,"href":"http:\/\/desarrollo.grupomedios.com\/futbol\/wp-json\/wp\/v2\/comments?post=484958"}],"version-history":[{"count":1,"href":"http:\/\/desarrollo.grupomedios.com\/futbol\/wp-json\/wp\/v2\/posts\/484958\/revisions"}],"predecessor-version":[{"id":484959,"href":"http:\/\/desarrollo.grupomedios.com\/futbol\/wp-json\/wp\/v2\/posts\/484958\/revisions\/484959"}],"wp:featuredmedia":[{"embeddable":true,"href":"http:\/\/desarrollo.grupomedios.com\/futbol\/wp-json\/wp\/v2\/media\/484437"}],"wp:attachment":[{"href":"http:\/\/desarrollo.grupomedios.com\/futbol\/wp-json\/wp\/v2\/media?parent=484958"}],"wp:term":[{"taxonomy":"category","embeddable":true,"href":"http:\/\/desarrollo.grupomedios.com\/futbol\/wp-json\/wp\/v2\/categories?post=484958"},{"taxonomy":"post_tag","embeddable":true,"href":"http:\/\/desarrollo.grupomedios.com\/futbol\/wp-json\/wp\/v2\/tags?post=484958"}],"curies":[{"name":"wp","href":"https:\/\/api.w.org\/{rel}","templated":true}]}}