{"id":484978,"date":"2017-06-23T14:31:44","date_gmt":"2017-06-23T19:31:44","guid":{"rendered":"https:\/\/www.futboltotal.com.mx\/?p=484978"},"modified":"2017-06-23T14:33:40","modified_gmt":"2017-06-23T19:33:40","slug":"milan-barcelona-cerca-fichar-al-tecatito-corona","status":"publish","type":"post","link":"http:\/\/desarrollo.grupomedios.com\/futbol\/destacado-home\/milan-barcelona-cerca-fichar-al-tecatito-corona\/2017\/06","title":{"rendered":"Milan o Barcelona, \u00bfcerca de fichar al Tecatito Corona?"},"content":{"rendered":"<p><strong>Jes\u00fas Manuel el Tecatito Corona<\/strong>, estar\u00eda cerca de fichar con un grande del futbol de Europa; de hecho, la contrataci\u00f3n ser\u00eda la raz\u00f3n por la que el delantero se habr\u00eda dado de baja de la <span style=\"color: #ff0000;\"><a style=\"color: #ff0000;\" href=\"http:\/\/futboltotal.com.mx\/futbol-mexicano\/seleccion-mexicana\/\" target=\"_blank\" rel=\"noopener noreferrer\">Selecci\u00f3n Mexicana<\/a><\/span> para la Copa Confederaciones.<\/p>\n<p>De acuerdo al locutor de <em>W Radio<\/em>, Axel V\u00e1zquez, el fichaje del <strong>Tecatito Corona<\/strong> est\u00e1 a punto de ser concretado y el equipo que anunciar\u00e1 la contrataci\u00f3n, le pidi\u00f3 al delantero que no participara en la Copa Confederaciones de Rusia 2017.<\/p>\n<p style=\"text-align: center;\"><span style=\"color: #3366ff;\"><a style=\"color: #3366ff;\" href=\"https:\/\/www.futboltotal.com.mx\/2017\/06\/futbolista-del-atlas-podria-emigrar-a-europa\/\" target=\"_blank\" rel=\"noopener noreferrer\"><strong>VER M\u00c1S: Equipos europeos estar\u00edan en busca de jugador del Atlas<\/strong><\/a><\/span><\/p>\n<p>Tras el adelanto de dicha informaci\u00f3n, muchos especulan que ser\u00edan el AC Milan de la Serie A, o el Barcelona de Espa\u00f1a, quien har\u00eda el traspaso m\u00e1s c\u00e9lebre del verano de 2017.<\/p>\n<blockquote class=\"twitter-tweet\" data-lang=\"es\">\n<p dir=\"ltr\" lang=\"es\">Jes\u00fas Manuel &#8220;Tecatito&#8221; Corona a punto de fichar con un club grande del f\u00fatbol mundial. Dicho Club pidi\u00f3 que no jugar\u00e1 la Confederaciones <a href=\"https:\/\/t.co\/VmfnGG9okA\">pic.twitter.com\/VmfnGG9okA<\/a><\/p>\n<p>\u2014 Axel V\u00e1zquez (@axelvazquez87) <a href=\"https:\/\/twitter.com\/axelvazquez87\/status\/878122461841248256\">23 de junio de 2017<\/a><\/p><\/blockquote>\n<p><script async src=\"\/\/platform.twitter.com\/widgets.js\" charset=\"utf-8\"><\/script><\/p>\n<p style=\"text-align: center;\"><span style=\"color: #3366ff;\"><a style=\"color: #3366ff;\" href=\"https:\/\/www.futboltotal.com.mx\/2017\/06\/neymar-anuncia-fin-noviazgo-bruna-marquezine\/\" target=\"_blank\" rel=\"noopener noreferrer\"><strong>VER M\u00c1S: Neymar da a conocer una mala noticia<\/strong><\/a><\/span><\/p>\n","protected":false},"excerpt":{"rendered":"<p>Se habr\u00eda revelado la raz\u00f3n por la que el delantero no acudi\u00f3 a Copa Confederaciones.<\/p>\n","protected":false},"author":20,"featured_media":484979,"comment_status":"closed","ping_status":"closed","sticky":false,"template":"","format":"standard","meta":[],"categories":[3868,5,3839,2198,6718,3847],"tags":[7179,142],"_links":{"self":[{"href":"http:\/\/desarrollo.grupomedios.com\/futbol\/wp-json\/wp\/v2\/posts\/484978"}],"collection":[{"href":"http:\/\/desarrollo.grupomedios.com\/futbol\/wp-json\/wp\/v2\/posts"}],"about":[{"href":"http:\/\/desarrollo.grupomedios.com\/futbol\/wp-json\/wp\/v2\/types\/post"}],"author":[{"embeddable":true,"href":"http:\/\/desarrollo.grupomedios.com\/futbol\/wp-json\/wp\/v2\/users\/20"}],"replies":[{"embeddable":true,"href":"http:\/\/desarrollo.grupomedios.com\/futbol\/wp-json\/wp\/v2\/comments?post=484978"}],"version-history":[{"count":2,"href":"http:\/\/desarrollo.grupomedios.com\/futbol\/wp-json\/wp\/v2\/posts\/484978\/revisions"}],"predecessor-version":[{"id":484981,"href":"http:\/\/desarrollo.grupomedios.com\/futbol\/wp-json\/wp\/v2\/posts\/484978\/revisions\/484981"}],"wp:featuredmedia":[{"embeddable":true,"href":"http:\/\/desarrollo.grupomedios.com\/futbol\/wp-json\/wp\/v2\/media\/484979"}],"wp:attachment":[{"href":"http:\/\/desarrollo.grupomedios.com\/futbol\/wp-json\/wp\/v2\/media?parent=484978"}],"wp:term":[{"taxonomy":"category","embeddable":true,"href":"http:\/\/desarrollo.grupomedios.com\/futbol\/wp-json\/wp\/v2\/categories?post=484978"},{"taxonomy":"post_tag","embeddable":true,"href":"http:\/\/desarrollo.grupomedios.com\/futbol\/wp-json\/wp\/v2\/tags?post=484978"}],"curies":[{"name":"wp","href":"https:\/\/api.w.org\/{rel}","templated":true}]}}