{"id":484982,"date":"2017-06-23T15:07:33","date_gmt":"2017-06-23T20:07:33","guid":{"rendered":"https:\/\/www.futboltotal.com.mx\/?p=484982"},"modified":"2017-06-23T15:07:33","modified_gmt":"2017-06-23T20:07:33","slug":"andres-guardado-solo-buscan-cualquier-cosa-para-criticarnos","status":"publish","type":"post","link":"http:\/\/desarrollo.grupomedios.com\/futbol\/destacado-home\/andres-guardado-solo-buscan-cualquier-cosa-para-criticarnos\/2017\/06","title":{"rendered":"Andr\u00e9s Guardado: &#8220;S\u00f3lo buscan cualquier cosa para criticarnos&#8221;"},"content":{"rendered":"<p><strong>Andr\u00e9s Guardado<\/strong>, uno de los hombres m\u00e1s importantes de la <strong>Selecci\u00f3n Mexicana<\/strong> del t\u00e9cnico <strong>Juan Carlos Osorio<\/strong>, minimiz\u00f3 las cr\u00edticas que recibe el <em><strong>Tri<\/strong><\/em> ya que siempre est\u00e1n ah\u00ed sin importar el resultado.<\/p>\n<p>El <em>Principito<\/em> asegur\u00f3 que los jugadores y cuerpo t\u00e9cnico del <em>Tri<\/em> s\u00f3lo se enfocan en ganar sus partidos, como el duelo que disputar\u00e1n ante Rusia en su tercer juego de fase de grupos de la <strong>Copa Confederaciones 2017<\/strong>.<\/p>\n<p>&#8220;Nosotros nos concentramos en ganar nuestros\u00a0partidos, en calificar. Sabemos que lo hagamos bien o lo hagamos mal buscan cualquier cosa para criticarnos, entonces no tenemos ning\u00fan problema con lo que se dice&#8221;, dijo el volante.<\/p>\n<p style=\"text-align: center;\"><a href=\"https:\/\/www.futboltotal.com.mx\/2017\/06\/milan-barcelona-cerca-fichar-al-tecatito-corona\/\" target=\"_blank\" rel=\"noopener noreferrer\"><span style=\"color: #333399;\">VER M\u00c1S: \u00bfMilan o Barcelona, cerca de fichar al Tecatito Corona?<\/span><\/a><\/p>\n<p>El equipo mexicano necesita del triunfo o empate ante <strong>Rusia<\/strong> para conseguir el pase a semifinales de la <strong>Confederaciones,<\/strong> y <strong>Guardado<\/strong> destac\u00f3 la confianza que viven los jugadores del <em>Tri<\/em> de cara a este duelo clave.<\/p>\n<p>&#8220;El equipo est\u00e1 muy confiado, creemos en nuestro potencial, en nuestra cualidades, como lo hemos hecho desde que est\u00e1 el profe <strong>Osorio<\/strong>. La realidad es que estamos con todo a favor para calificar, hay que jugar con esa motivaci\u00f3n de estar en una Semifinal de la <strong>Copa Confederaciones<\/strong>&#8220;, agreg\u00f3.<\/p>\n<p style=\"text-align: center;\"><a href=\"https:\/\/www.futboltotal.com.mx\/2017\/06\/darwin-quintero-tendria-dias-contados-en-america\/\" target=\"_blank\" rel=\"noopener noreferrer\"><span style=\"color: #333399;\">VER M\u00c1S: Darwin Quintero tendr\u00eda sus d\u00edas contados en el Am\u00e9rica<\/span><\/a><\/p>\n","protected":false},"excerpt":{"rendered":"<p>El Principito y el Tri s\u00f3lo se enfocan en ganar el duelo ante Rusia.<\/p>\n","protected":false},"author":20,"featured_media":484988,"comment_status":"closed","ping_status":"closed","sticky":false,"template":"","format":"standard","meta":[],"categories":[3868,5,3839,2198,3847],"tags":[6046,1580,65,1063],"_links":{"self":[{"href":"http:\/\/desarrollo.grupomedios.com\/futbol\/wp-json\/wp\/v2\/posts\/484982"}],"collection":[{"href":"http:\/\/desarrollo.grupomedios.com\/futbol\/wp-json\/wp\/v2\/posts"}],"about":[{"href":"http:\/\/desarrollo.grupomedios.com\/futbol\/wp-json\/wp\/v2\/types\/post"}],"author":[{"embeddable":true,"href":"http:\/\/desarrollo.grupomedios.com\/futbol\/wp-json\/wp\/v2\/users\/20"}],"replies":[{"embeddable":true,"href":"http:\/\/desarrollo.grupomedios.com\/futbol\/wp-json\/wp\/v2\/comments?post=484982"}],"version-history":[{"count":1,"href":"http:\/\/desarrollo.grupomedios.com\/futbol\/wp-json\/wp\/v2\/posts\/484982\/revisions"}],"predecessor-version":[{"id":484990,"href":"http:\/\/desarrollo.grupomedios.com\/futbol\/wp-json\/wp\/v2\/posts\/484982\/revisions\/484990"}],"wp:featuredmedia":[{"embeddable":true,"href":"http:\/\/desarrollo.grupomedios.com\/futbol\/wp-json\/wp\/v2\/media\/484988"}],"wp:attachment":[{"href":"http:\/\/desarrollo.grupomedios.com\/futbol\/wp-json\/wp\/v2\/media?parent=484982"}],"wp:term":[{"taxonomy":"category","embeddable":true,"href":"http:\/\/desarrollo.grupomedios.com\/futbol\/wp-json\/wp\/v2\/categories?post=484982"},{"taxonomy":"post_tag","embeddable":true,"href":"http:\/\/desarrollo.grupomedios.com\/futbol\/wp-json\/wp\/v2\/tags?post=484982"}],"curies":[{"name":"wp","href":"https:\/\/api.w.org\/{rel}","templated":true}]}}