{"id":485006,"date":"2017-06-23T16:32:06","date_gmt":"2017-06-23T21:32:06","guid":{"rendered":"https:\/\/www.futboltotal.com.mx\/?p=485006"},"modified":"2017-06-23T16:34:29","modified_gmt":"2017-06-23T21:34:29","slug":"mayweather-podria-comprar-a-la-seleccion-mexicana","status":"publish","type":"post","link":"http:\/\/desarrollo.grupomedios.com\/futbol\/futbol-mexicano\/mayweather-podria-comprar-a-la-seleccion-mexicana\/2017\/06","title":{"rendered":"Mayweather podr\u00eda comprar a la Selecci\u00f3n Mexicana"},"content":{"rendered":"<p>Los 300 millones de d\u00f3lares que se calcula obtendr\u00e1 el estadounidense <strong>Floyd Mayweather<\/strong> por la pelea ante el irland\u00e9s Conor McGregor le alcanzan para comprar\u00a0 a la <span style=\"color: #ff0000;\"><a style=\"color: #ff0000;\" href=\"http:\/\/futboltotal.com.mx\/futbol-mexicano\/seleccion-mexicana\/\" target=\"_blank\" rel=\"noopener noreferrer\">Selecci\u00f3n Mexicana<\/a><\/span> de f\u00fatbol, que disputa la Copa Confederaciones de Rusia y quedar a\u00fan con la mitad de esa inversi\u00f3n.<\/p>\n<p>Seg\u00fan el portal <em>Transfermarkt.es<\/em>, que se especializa en valores de mercado de futbolistas y clubes, los 23 seleccionados de M\u00e9xico presentes en Rusia suman en total 150 millones de d\u00f3lares.<\/p>\n<p style=\"text-align: center;\"><span style=\"color: #3366ff;\"><a style=\"color: #3366ff;\" href=\"https:\/\/www.futboltotal.com.mx\/2017\/06\/fifa-investiga-duelos-eliminatorios-del-tri\/\" target=\"_blank\" rel=\"noopener noreferrer\"><strong>VER M\u00c1S: Selecci\u00f3n Mexicana ser\u00e1 investigada por duelos eliminatorios<\/strong><\/a><\/span><\/p>\n<p>El delantero Javier <em>Chicharito<\/em> Hern\u00e1ndez (Bayer Leverkuse) es el que tiene un valor de mercado m\u00e1s alto, con 20 millones de d\u00f3lares, seguido de Carlos Vela (Real Sociedad) y H\u00e9ctor Herrera (Porto) ambos con 16 millones de d\u00f3lares.<\/p>\n<p>La bolsa que ganar\u00e1 en el combate <strong>Floyd Mayweather<\/strong>, n\u00famero uno del boxeo mundial en los \u00faltimos tiempos, ser\u00e1 la guinda perfecta para acentuar su apodo de <em>Money<\/em> ya que durante su carrera ha protagonizado peleas con altas ganancias, en especial para \u00e9l.<\/p>\n<p style=\"text-align: center;\"><span style=\"color: #3366ff;\"><a style=\"color: #3366ff;\" href=\"https:\/\/www.futboltotal.com.mx\/2017\/06\/dorsales-historicos-la-seleccion-mexicana\/\" target=\"_blank\" rel=\"noopener noreferrer\"><strong>VER M\u00c1S: Los dorsales del Tri que han pasado a la historia<\/strong><\/a><\/span><\/p>\n<p>Por lo tanto, si estuviera interesado en comprar la <strong>Selecci\u00f3n Mexicana<\/strong> podr\u00eda hacerlo dos veces. Seg\u00fan los mismos c\u00e1lculos que revelan la astron\u00f3mica cifra que ganar\u00e1 Mayweather, ser\u00e1n 100 los millones de d\u00f3lares para McGregor, el peleador m\u00e1s popular de artes marciales mixtas.<\/p>\n<p><strong>Floyd Mayweather<\/strong> y Conor McGregor se enfrentar\u00e1n el 26 de agosto en Las Vegas, en el que est\u00e1 por convertirse en el combate m\u00e1s lucrativo de la historia.<\/p>\n<p style=\"text-align: center;\"><span style=\"color: #3366ff;\"><a style=\"color: #3366ff;\" href=\"https:\/\/www.futboltotal.com.mx\/2017\/06\/equipo-ascenso-mx-cambia-escudo\/\" target=\"_blank\" rel=\"noopener noreferrer\"><strong>VER M\u00c1S: Club destacado del Ascenso MX, cambia su escudo<\/strong><\/a><\/span><\/p>\n","protected":false},"excerpt":{"rendered":"<p>Con lo que ganar\u00e1 en su lucha contra McGregor, el pugilista podr\u00eda adquirir al Tri y a\u00fan le sobrar\u00eda dinero.<\/p>\n","protected":false},"author":144,"featured_media":485007,"comment_status":"closed","ping_status":"closed","sticky":false,"template":"","format":"standard","meta":[],"categories":[6282,5419,2198,5418,6411,3847],"tags":[5460,142,5461],"_links":{"self":[{"href":"http:\/\/desarrollo.grupomedios.com\/futbol\/wp-json\/wp\/v2\/posts\/485006"}],"collection":[{"href":"http:\/\/desarrollo.grupomedios.com\/futbol\/wp-json\/wp\/v2\/posts"}],"about":[{"href":"http:\/\/desarrollo.grupomedios.com\/futbol\/wp-json\/wp\/v2\/types\/post"}],"author":[{"embeddable":true,"href":"http:\/\/desarrollo.grupomedios.com\/futbol\/wp-json\/wp\/v2\/users\/144"}],"replies":[{"embeddable":true,"href":"http:\/\/desarrollo.grupomedios.com\/futbol\/wp-json\/wp\/v2\/comments?post=485006"}],"version-history":[{"count":3,"href":"http:\/\/desarrollo.grupomedios.com\/futbol\/wp-json\/wp\/v2\/posts\/485006\/revisions"}],"predecessor-version":[{"id":485010,"href":"http:\/\/desarrollo.grupomedios.com\/futbol\/wp-json\/wp\/v2\/posts\/485006\/revisions\/485010"}],"wp:featuredmedia":[{"embeddable":true,"href":"http:\/\/desarrollo.grupomedios.com\/futbol\/wp-json\/wp\/v2\/media\/485007"}],"wp:attachment":[{"href":"http:\/\/desarrollo.grupomedios.com\/futbol\/wp-json\/wp\/v2\/media?parent=485006"}],"wp:term":[{"taxonomy":"category","embeddable":true,"href":"http:\/\/desarrollo.grupomedios.com\/futbol\/wp-json\/wp\/v2\/categories?post=485006"},{"taxonomy":"post_tag","embeddable":true,"href":"http:\/\/desarrollo.grupomedios.com\/futbol\/wp-json\/wp\/v2\/tags?post=485006"}],"curies":[{"name":"wp","href":"https:\/\/api.w.org\/{rel}","templated":true}]}}