{"id":485016,"date":"2017-06-23T17:43:55","date_gmt":"2017-06-23T22:43:55","guid":{"rendered":"https:\/\/www.futboltotal.com.mx\/?p=485016"},"modified":"2017-06-23T17:43:55","modified_gmt":"2017-06-23T22:43:55","slug":"nahuel-guzman-aclara-llegada-ever-banega-a-tigres","status":"publish","type":"post","link":"http:\/\/desarrollo.grupomedios.com\/futbol\/futbol-mexicano\/nahuel-guzman-aclara-llegada-ever-banega-a-tigres\/2017\/06","title":{"rendered":"Nahuel Guzm\u00e1n aclara llegada de \u00c9ver Banega a Tigres"},"content":{"rendered":"<p>El portero de <strong>Tigres<\/strong>, <strong>Nahuel Guzm\u00e1n<\/strong>, aclar\u00f3 lo que sucedi\u00f3 con la fotograf\u00eda que comparti\u00f3, donde aparece con <strong>\u00c9ver Banega<\/strong>, y con la que se suger\u00eda, que el cancerbero estar\u00eda convenciendo a su compatriota, de fichar por el conjunto de la UANL.<\/p>\n<p>\u201c\u00c9l termina pregunt\u00e1ndome si lo que se dec\u00eda era cierto, \u00f3sea ni su representante, ni sus allegados, ni \u00e9l estaban al tanto. Yo encantado de recibirlo y de que venga, pero sinceramente es ilusionar a todos de algo que nunca pas\u00f3, es algo como un cuento\u201d, explic\u00f3 <strong>Nahuel Guzm\u00e1n<\/strong>.<\/p>\n<p style=\"text-align: center;\"><span style=\"color: #3366ff;\"><a style=\"color: #3366ff;\" href=\"https:\/\/www.futboltotal.com.mx\/2017\/06\/milan-barcelona-cerca-fichar-al-tecatito-corona\/\" target=\"_blank\" rel=\"noopener noreferrer\"><strong>VER M\u00c1S: Tecatito podr\u00eda fichar con un grande de Europa<\/strong><\/a><\/span><\/p>\n<p>Adem\u00e1s, el portero de<strong> Tigres<\/strong> y de la <em>Albiceleste<\/em>, aclar\u00f3 que la foto que public\u00f3 en redes sociales, fue adrede, con tal de ver qu\u00e9 era lo que provocaba. Incluso se\u00f1al\u00f3 que pudo haber sido un poco m\u00e1s intenso con el juego.<\/p>\n<p>\u201cYo sub\u00ed la foto un poco a prop\u00f3sito, para ver que se segu\u00eda opinando, porque ni siquiera pod\u00eda haber jugado un poco m\u00e1s y haberle dicho \u2018\u00c9ver bienvenido, te esperamos\u2019 y ah\u00ed pudo haber sido una explosi\u00f3n\u201d, sentenci\u00f3 <strong>Nahuel Guzm\u00e1n<\/strong>.<\/p>\n<p style=\"text-align: center;\"><span style=\"color: #3366ff;\"><a style=\"color: #3366ff;\" href=\"https:\/\/www.futboltotal.com.mx\/2017\/06\/futbolista-del-atlas-podria-emigrar-a-europa\/\" target=\"_blank\" rel=\"noopener noreferrer\"><strong>VER M\u00c1S: Buscan a futbolista del Atlas, en Europa<\/strong><\/a><\/span><\/p>\n","protected":false},"excerpt":{"rendered":"<p>El cancerbero Felino explica lo que sucedi\u00f3, en concentraci\u00f3n de Argentina.<\/p>\n","protected":false},"author":20,"featured_media":485017,"comment_status":"closed","ping_status":"closed","sticky":false,"template":"","format":"standard","meta":[],"categories":[7740,2198,3845],"tags":[6129,5973],"_links":{"self":[{"href":"http:\/\/desarrollo.grupomedios.com\/futbol\/wp-json\/wp\/v2\/posts\/485016"}],"collection":[{"href":"http:\/\/desarrollo.grupomedios.com\/futbol\/wp-json\/wp\/v2\/posts"}],"about":[{"href":"http:\/\/desarrollo.grupomedios.com\/futbol\/wp-json\/wp\/v2\/types\/post"}],"author":[{"embeddable":true,"href":"http:\/\/desarrollo.grupomedios.com\/futbol\/wp-json\/wp\/v2\/users\/20"}],"replies":[{"embeddable":true,"href":"http:\/\/desarrollo.grupomedios.com\/futbol\/wp-json\/wp\/v2\/comments?post=485016"}],"version-history":[{"count":1,"href":"http:\/\/desarrollo.grupomedios.com\/futbol\/wp-json\/wp\/v2\/posts\/485016\/revisions"}],"predecessor-version":[{"id":485018,"href":"http:\/\/desarrollo.grupomedios.com\/futbol\/wp-json\/wp\/v2\/posts\/485016\/revisions\/485018"}],"wp:featuredmedia":[{"embeddable":true,"href":"http:\/\/desarrollo.grupomedios.com\/futbol\/wp-json\/wp\/v2\/media\/485017"}],"wp:attachment":[{"href":"http:\/\/desarrollo.grupomedios.com\/futbol\/wp-json\/wp\/v2\/media?parent=485016"}],"wp:term":[{"taxonomy":"category","embeddable":true,"href":"http:\/\/desarrollo.grupomedios.com\/futbol\/wp-json\/wp\/v2\/categories?post=485016"},{"taxonomy":"post_tag","embeddable":true,"href":"http:\/\/desarrollo.grupomedios.com\/futbol\/wp-json\/wp\/v2\/tags?post=485016"}],"curies":[{"name":"wp","href":"https:\/\/api.w.org\/{rel}","templated":true}]}}