{"id":485032,"date":"2017-06-23T19:44:23","date_gmt":"2017-06-24T00:44:23","guid":{"rendered":"https:\/\/www.futboltotal.com.mx\/?p=485032"},"modified":"2017-06-23T19:44:23","modified_gmt":"2017-06-24T00:44:23","slug":"javier-aquino-en-la-mira-del-lille-francia","status":"publish","type":"post","link":"http:\/\/desarrollo.grupomedios.com\/futbol\/destacado-home\/javier-aquino-en-la-mira-del-lille-francia\/2017\/06","title":{"rendered":"\u00a1Javier Aquino, en la mira del Lille de Francia!"},"content":{"rendered":"<p>Antes de partir a Rusia, el mediocampista<strong> Javier Aquino<\/strong>, hab\u00eda expresado sus deseos por regresar al futbol de Europa, pues se sent\u00eda en gran nivel para lograrlo; ahora, esa posibilidad parece aumentar, debido a su actuaci\u00f3n frente a Nueva Zelanda, en la Copa Confederaciones.<\/p>\n<p>De acuerdo con el comentarista de<em> ESPN<\/em>, Alejandro de la Rosa, <strong>Javier Aquino<\/strong> se encuentra en la mira del <strong>Lille<\/strong> de la Ligue 1 francesa, escuadra que dirigir\u00e1 Marcelo Bielsa para la campa\u00f1a 2017-18. De concretarse el fichaje, el volante no solo regresar\u00eda al Viejo Continente, sino que tendr\u00eda a un buen profesor en el banquillo.<\/p>\n<p style=\"text-align: center;\"><span style=\"color: #3366ff;\"><a style=\"color: #3366ff;\" href=\"https:\/\/www.futboltotal.com.mx\/2017\/06\/milan-barcelona-cerca-fichar-al-tecatito-corona\/\" target=\"_blank\" rel=\"noopener noreferrer\"><strong>VER M\u00c1S: Tecatito ser\u00eda fichado por Barcelona<\/strong><\/a><\/span><\/p>\n<blockquote class=\"twitter-tweet\" data-lang=\"es\">\n<p dir=\"ltr\" lang=\"es\">&#x1f6a8;<br \/>\nMe cuentan que <a href=\"https:\/\/twitter.com\/losclive\">@losclive<\/a> sigue desde hace tiempo a JAVIER AQUINO&#8230;<\/p>\n<p>S\u00ed, el equipo de Bielsa. Veremos&#8230;<\/p>\n<p>\u2014 Alejandro de la Rosa (@adelarosa_espn) <a href=\"https:\/\/twitter.com\/adelarosa_espn\/status\/878354597550731264\">23 de junio de 2017<\/a><\/p><\/blockquote>\n<p><script async src=\"\/\/platform.twitter.com\/widgets.js\" charset=\"utf-8\"><\/script><\/p>\n<p style=\"text-align: center;\"><span style=\"color: #3366ff;\"><a style=\"color: #3366ff;\" href=\"https:\/\/www.futboltotal.com.mx\/2017\/06\/carlos-vela-sigue-irreconciliable-la-prensa-mexicana\/\" target=\"_blank\" rel=\"noopener noreferrer\"><strong>VER M\u00c1S: Carlos Vela se encuentra irreconciliable<\/strong><\/a><\/span><\/p>\n","protected":false},"excerpt":{"rendered":"<p>El volante de Tigres ser\u00eda del inter\u00e9s de Marcelo Bielsa en la Ligue 1.<\/p>\n","protected":false},"author":20,"featured_media":485033,"comment_status":"closed","ping_status":"closed","sticky":false,"template":"","format":"standard","meta":[],"categories":[5,3839,2198,3845,3847],"tags":[6025,142,5973],"_links":{"self":[{"href":"http:\/\/desarrollo.grupomedios.com\/futbol\/wp-json\/wp\/v2\/posts\/485032"}],"collection":[{"href":"http:\/\/desarrollo.grupomedios.com\/futbol\/wp-json\/wp\/v2\/posts"}],"about":[{"href":"http:\/\/desarrollo.grupomedios.com\/futbol\/wp-json\/wp\/v2\/types\/post"}],"author":[{"embeddable":true,"href":"http:\/\/desarrollo.grupomedios.com\/futbol\/wp-json\/wp\/v2\/users\/20"}],"replies":[{"embeddable":true,"href":"http:\/\/desarrollo.grupomedios.com\/futbol\/wp-json\/wp\/v2\/comments?post=485032"}],"version-history":[{"count":1,"href":"http:\/\/desarrollo.grupomedios.com\/futbol\/wp-json\/wp\/v2\/posts\/485032\/revisions"}],"predecessor-version":[{"id":485034,"href":"http:\/\/desarrollo.grupomedios.com\/futbol\/wp-json\/wp\/v2\/posts\/485032\/revisions\/485034"}],"wp:featuredmedia":[{"embeddable":true,"href":"http:\/\/desarrollo.grupomedios.com\/futbol\/wp-json\/wp\/v2\/media\/485033"}],"wp:attachment":[{"href":"http:\/\/desarrollo.grupomedios.com\/futbol\/wp-json\/wp\/v2\/media?parent=485032"}],"wp:term":[{"taxonomy":"category","embeddable":true,"href":"http:\/\/desarrollo.grupomedios.com\/futbol\/wp-json\/wp\/v2\/categories?post=485032"},{"taxonomy":"post_tag","embeddable":true,"href":"http:\/\/desarrollo.grupomedios.com\/futbol\/wp-json\/wp\/v2\/tags?post=485032"}],"curies":[{"name":"wp","href":"https:\/\/api.w.org\/{rel}","templated":true}]}}