{"id":485039,"date":"2017-06-23T20:38:55","date_gmt":"2017-06-24T01:38:55","guid":{"rendered":"https:\/\/www.futboltotal.com.mx\/?p=485039"},"modified":"2017-06-23T20:38:55","modified_gmt":"2017-06-24T01:38:55","slug":"nelson-mandela-nuevo-companero-fabian-salcedo","status":"publish","type":"post","link":"http:\/\/desarrollo.grupomedios.com\/futbol\/futbol-internacional\/nelson-mandela-nuevo-companero-fabian-salcedo\/2017\/06","title":{"rendered":"Nelson Mandela, el nuevo compa\u00f1ero de Fabi\u00e1n y Salcedo"},"content":{"rendered":"<p>El<strong> Eintracht Frankfurt<\/strong> de la Bundesliga, ha dado de alta a un nuevo futbolista, se trata del camerun\u00e9s de 18 a\u00f1os, <strong>Nelson Mandela Mbouhom<\/strong>, quien se incorpora al primer equipo, luego de vestir la camiseta del club, en categor\u00edas inferiores.<\/p>\n<p>Carlos Salcedo y Marco Fabi\u00e1n tendr\u00e1n compa\u00f1ero de nombre hom\u00f3nimo al del fallecido ex presidente de Sud\u00e1frica. <strong>Nelson Mandela Mbouhom<\/strong> jug\u00f3 la \u00faltima temporada con el <strong>Eintracht Frankfurt<\/strong> Sub-19, donde marc\u00f3 ocho goles en 14 partidos.<\/p>\n<p style=\"text-align: center;\"><span style=\"color: #3366ff;\"><a style=\"color: #3366ff;\" href=\"https:\/\/www.futboltotal.com.mx\/2017\/06\/javier-aquino-en-la-mira-del-lille-francia\/\" target=\"_blank\" rel=\"noopener noreferrer\"><strong>VER M\u00c1S: Javier Aquino llama la atenci\u00f3n de equipo franc\u00e9s<\/strong><\/a><\/span><\/p>\n<blockquote class=\"twitter-tweet\" data-lang=\"es\">\n<p dir=\"ltr\" lang=\"it\">Ufficiale: <a href=\"https:\/\/twitter.com\/Eintracht\">@Eintracht<\/a>, primo contratto da professionista per <a href=\"https:\/\/twitter.com\/hashtag\/NelsonMandela?src=hash\">#NelsonMandela<\/a> Mbouhom. 8 gol in stagione con la maglia dell&#8217;Under19 <a href=\"https:\/\/twitter.com\/hashtag\/Eintracht?src=hash\">#Eintracht<\/a> <a href=\"https:\/\/t.co\/T92m8Dh2lD\">pic.twitter.com\/T92m8Dh2lD<\/a><\/p>\n<p>\u2014 Matteo Pedrosi (@MatteoPedrosi) <a href=\"https:\/\/twitter.com\/MatteoPedrosi\/status\/878272584659415040\">23 de junio de 2017<\/a><\/p><\/blockquote>\n<p><script async src=\"\/\/platform.twitter.com\/widgets.js\" charset=\"utf-8\"><\/script><\/p>\n<p style=\"text-align: center;\"><span style=\"color: #3366ff;\"><a style=\"color: #3366ff;\" href=\"https:\/\/www.futboltotal.com.mx\/2017\/06\/milan-barcelona-cerca-fichar-al-tecatito-corona\/\" target=\"_blank\" rel=\"noopener noreferrer\"><strong>VER M\u00c1S: Tecatito Corona firmar\u00eda con Barcelona<\/strong><\/a><\/span><\/p>\n<p><strong>Nelson Mandela Mbouhom<\/strong> tiene una curiosa carrera, pues desde 2011 ha participado en categor\u00edas inferiores de equipos europeos. Comenz\u00f3 con Barcelona, con el que estuvo durante un a\u00f1o hasta emigrar a Alemania con el Hoffenheim, y a partir de 2013 milit\u00f3 en las Fuerzas B\u00e1sicas del Eintracht Frankfurt.<\/p>\n<p style=\"text-align: center;\"><span style=\"color: #3366ff;\"><a style=\"color: #3366ff;\" href=\"https:\/\/www.futboltotal.com.mx\/2017\/06\/miranda-jimenez-la-guapa-hermana-de-raul-jimenez\/\" target=\"_blank\" rel=\"noopener noreferrer\"><strong>VER M\u00c1S: Miranda Jim\u00e9nez, la guapa hermana de Ra\u00fal<\/strong><\/a><\/span><\/p>\n","protected":false},"excerpt":{"rendered":"<p>El futbolista camerun\u00e9s se une al primer equipo del Eintracht Frankfurt.<\/p>\n","protected":false},"author":20,"featured_media":485040,"comment_status":"closed","ping_status":"closed","sticky":false,"template":"","format":"standard","meta":[],"categories":[3839],"tags":[3588,6214],"_links":{"self":[{"href":"http:\/\/desarrollo.grupomedios.com\/futbol\/wp-json\/wp\/v2\/posts\/485039"}],"collection":[{"href":"http:\/\/desarrollo.grupomedios.com\/futbol\/wp-json\/wp\/v2\/posts"}],"about":[{"href":"http:\/\/desarrollo.grupomedios.com\/futbol\/wp-json\/wp\/v2\/types\/post"}],"author":[{"embeddable":true,"href":"http:\/\/desarrollo.grupomedios.com\/futbol\/wp-json\/wp\/v2\/users\/20"}],"replies":[{"embeddable":true,"href":"http:\/\/desarrollo.grupomedios.com\/futbol\/wp-json\/wp\/v2\/comments?post=485039"}],"version-history":[{"count":1,"href":"http:\/\/desarrollo.grupomedios.com\/futbol\/wp-json\/wp\/v2\/posts\/485039\/revisions"}],"predecessor-version":[{"id":485041,"href":"http:\/\/desarrollo.grupomedios.com\/futbol\/wp-json\/wp\/v2\/posts\/485039\/revisions\/485041"}],"wp:featuredmedia":[{"embeddable":true,"href":"http:\/\/desarrollo.grupomedios.com\/futbol\/wp-json\/wp\/v2\/media\/485040"}],"wp:attachment":[{"href":"http:\/\/desarrollo.grupomedios.com\/futbol\/wp-json\/wp\/v2\/media?parent=485039"}],"wp:term":[{"taxonomy":"category","embeddable":true,"href":"http:\/\/desarrollo.grupomedios.com\/futbol\/wp-json\/wp\/v2\/categories?post=485039"},{"taxonomy":"post_tag","embeddable":true,"href":"http:\/\/desarrollo.grupomedios.com\/futbol\/wp-json\/wp\/v2\/tags?post=485039"}],"curies":[{"name":"wp","href":"https:\/\/api.w.org\/{rel}","templated":true}]}}