{"id":485059,"date":"2017-06-23T22:00:33","date_gmt":"2017-06-24T03:00:33","guid":{"rendered":"https:\/\/www.futboltotal.com.mx\/?p=485059"},"modified":"2017-06-23T22:00:33","modified_gmt":"2017-06-24T03:00:33","slug":"matias-almeyda-pone-desorden-en-chivas","status":"publish","type":"post","link":"http:\/\/desarrollo.grupomedios.com\/futbol\/videos\/matias-almeyda-pone-desorden-en-chivas\/2017\/06","title":{"rendered":"\u00a1Mat\u00edas Almeyda pone el desorden en Chivas!"},"content":{"rendered":"<p>Durante una pr\u00e1ctica de <strong>Chivas<\/strong>, el director t\u00e9cnico del equipo, <strong>Mat\u00edas Almeyda<\/strong>, aprovech\u00f3 el clima para hacer una divertida maniobra en el c\u00e9sped, que comparti\u00f3 en un video, a trav\u00e9s de su cuenta de Twitter; con ello, demostr\u00f3 que no todo el tiempo hay seriedad en las pr\u00e1cticas rojiblancas.<\/p>\n<p>\u201cUna de las cosas m\u00e1s importantes para tener \u00e9xito es divertirse y disfrutar lo que haces. Buen d\u00eda a todos\u201d, indic\u00f3 <strong>Mat\u00edas Almeyda<\/strong> en la publicaci\u00f3n.<\/p>\n<p style=\"text-align: center;\"><span style=\"color: #3366ff;\"><a style=\"color: #3366ff;\" href=\"https:\/\/www.futboltotal.com.mx\/2017\/06\/javier-aquino-en-la-mira-del-lille-francia\/\" target=\"_blank\" rel=\"noopener noreferrer\"><strong>VER M\u00c1S: Javier Aquino ser\u00eda buscado por club franc\u00e9s<\/strong><\/a><\/span><\/p>\n<blockquote class=\"twitter-video\" data-lang=\"es\">\n<p dir=\"ltr\" lang=\"es\">Una de las cosas m\u00e1s importantes para tener \u00e9xito es divertirse y disfrutar lo que haces. Buen d\u00eda a todos <a href=\"https:\/\/twitter.com\/hashtag\/pretemporada?src=hash\">#pretemporada<\/a> <a href=\"https:\/\/t.co\/HeIRNJEPAf\">pic.twitter.com\/HeIRNJEPAf<\/a><\/p>\n<p>\u2014 Mat\u00edas Jes\u00fas Almeyda (@peladoalmeyda) <a href=\"https:\/\/twitter.com\/peladoalmeyda\/status\/878275464300810240\">23 de junio de 2017<\/a><\/p><\/blockquote>\n<p><script async src=\"\/\/platform.twitter.com\/widgets.js\" charset=\"utf-8\"><\/script><\/p>\n<p style=\"text-align: center;\"><span style=\"color: #3366ff;\"><a style=\"color: #3366ff;\" href=\"https:\/\/www.futboltotal.com.mx\/2017\/06\/carlos-vela-sigue-irreconciliable-la-prensa-mexicana\/\" target=\"_blank\" rel=\"noopener noreferrer\"><strong>VER M\u00c1S: Carlos Vela se encuentra irreconciliable<\/strong><\/a><\/span><\/p>\n","protected":false},"excerpt":{"rendered":"<p>El estratega del Reba\u00f1o Sagrado convierte pr\u00e1ctica en parque acu\u00e1tico.<\/p>\n","protected":false},"author":20,"featured_media":485060,"comment_status":"closed","ping_status":"closed","sticky":false,"template":"","format":"standard","meta":[],"categories":[2198,3845,4,6433],"tags":[70,1420],"_links":{"self":[{"href":"http:\/\/desarrollo.grupomedios.com\/futbol\/wp-json\/wp\/v2\/posts\/485059"}],"collection":[{"href":"http:\/\/desarrollo.grupomedios.com\/futbol\/wp-json\/wp\/v2\/posts"}],"about":[{"href":"http:\/\/desarrollo.grupomedios.com\/futbol\/wp-json\/wp\/v2\/types\/post"}],"author":[{"embeddable":true,"href":"http:\/\/desarrollo.grupomedios.com\/futbol\/wp-json\/wp\/v2\/users\/20"}],"replies":[{"embeddable":true,"href":"http:\/\/desarrollo.grupomedios.com\/futbol\/wp-json\/wp\/v2\/comments?post=485059"}],"version-history":[{"count":1,"href":"http:\/\/desarrollo.grupomedios.com\/futbol\/wp-json\/wp\/v2\/posts\/485059\/revisions"}],"predecessor-version":[{"id":485061,"href":"http:\/\/desarrollo.grupomedios.com\/futbol\/wp-json\/wp\/v2\/posts\/485059\/revisions\/485061"}],"wp:featuredmedia":[{"embeddable":true,"href":"http:\/\/desarrollo.grupomedios.com\/futbol\/wp-json\/wp\/v2\/media\/485060"}],"wp:attachment":[{"href":"http:\/\/desarrollo.grupomedios.com\/futbol\/wp-json\/wp\/v2\/media?parent=485059"}],"wp:term":[{"taxonomy":"category","embeddable":true,"href":"http:\/\/desarrollo.grupomedios.com\/futbol\/wp-json\/wp\/v2\/categories?post=485059"},{"taxonomy":"post_tag","embeddable":true,"href":"http:\/\/desarrollo.grupomedios.com\/futbol\/wp-json\/wp\/v2\/tags?post=485059"}],"curies":[{"name":"wp","href":"https:\/\/api.w.org\/{rel}","templated":true}]}}