{"id":485066,"date":"2017-06-24T09:38:56","date_gmt":"2017-06-24T14:38:56","guid":{"rendered":"https:\/\/www.futboltotal.com.mx\/?p=485066"},"modified":"2017-06-24T09:38:56","modified_gmt":"2017-06-24T14:38:56","slug":"tecnico-rusia-enamorado-jorge-campos","status":"publish","type":"post","link":"http:\/\/desarrollo.grupomedios.com\/futbol\/futbol-mexicano\/tecnico-rusia-enamorado-jorge-campos\/2017\/06","title":{"rendered":"T\u00e9cnico de Rusia, enamorado de Jorge Campos"},"content":{"rendered":"<p><strong>M\u00e9xico<\/strong> se enfrenta a <strong>Rusia<\/strong> en la <strong>Copa Confederaciones<\/strong>, ambos con la encomienda de lograr el boleto a la siguiente ronda.<\/p>\n<p>El director t\u00e9cnico ruso,\u00a0<strong>Stanislav Cherchesov<\/strong> lanz\u00f3 unas declaraciones en las que record\u00f3 haber jugado contra M\u00e9xico, al haber disputado con la Uni\u00f3n Sovi\u00e9tica el Mundial Sub-20 en 1983.<\/p>\n<p style=\"text-align: center;\"><span style=\"color: #333399;\"><a style=\"color: #333399;\" href=\"https:\/\/en-vivo.futboltotal.com.mx\/partido\/mexico-vs-rusia-copa-confederaciones-2017\/120\/\" target=\"_blank\" rel=\"noopener noreferrer\">VER M\u00c1S: Sigue en vivo el duelo M\u00e9xico vs Rusia<\/a><\/span><\/p>\n<p>&#8220;A <strong>M\u00e9xico<\/strong> \u00a0lo tengo en el coraz\u00f3n&#8221;, expres\u00f3 el estratega, quien adem\u00e1s record\u00f3 al portero Tricolor, <strong>Jorge Campos<\/strong>, a quien no ha olvidado<\/p>\n<blockquote><p>&#8220;Me acuerdo de <strong>Jorge Campos<\/strong> que era un jugador fant\u00e1stico, un portero maravilloso. No me acuerdo de nadie m\u00e1s, pero espero que no se lo tomen a mal, pero nadie marc\u00f3 contra m\u00ed, lo cual me pareci\u00f3 excelente\u201d.<\/p><\/blockquote>\n<p style=\"text-align: center;\"><span style=\"color: #333399;\"><a style=\"color: #333399;\" href=\"https:\/\/www.futboltotal.com.mx\/2017\/06\/javier-aquino-en-la-mira-del-lille-francia\/\" target=\"_blank\" rel=\"noopener noreferrer\">VER M\u00c1S: Javier Aquino, en la mira de un equipo franc\u00e9s<\/a><\/span><\/p>\n","protected":false},"excerpt":{"rendered":"<p>El estratega tiene un grato recuerdo del guardameta mexicano<\/p>\n","protected":false},"author":20,"featured_media":449329,"comment_status":"closed","ping_status":"closed","sticky":false,"template":"","format":"standard","meta":[],"categories":[3868,3839,2198,3847],"tags":[1580,2053,1063,409],"_links":{"self":[{"href":"http:\/\/desarrollo.grupomedios.com\/futbol\/wp-json\/wp\/v2\/posts\/485066"}],"collection":[{"href":"http:\/\/desarrollo.grupomedios.com\/futbol\/wp-json\/wp\/v2\/posts"}],"about":[{"href":"http:\/\/desarrollo.grupomedios.com\/futbol\/wp-json\/wp\/v2\/types\/post"}],"author":[{"embeddable":true,"href":"http:\/\/desarrollo.grupomedios.com\/futbol\/wp-json\/wp\/v2\/users\/20"}],"replies":[{"embeddable":true,"href":"http:\/\/desarrollo.grupomedios.com\/futbol\/wp-json\/wp\/v2\/comments?post=485066"}],"version-history":[{"count":1,"href":"http:\/\/desarrollo.grupomedios.com\/futbol\/wp-json\/wp\/v2\/posts\/485066\/revisions"}],"predecessor-version":[{"id":485067,"href":"http:\/\/desarrollo.grupomedios.com\/futbol\/wp-json\/wp\/v2\/posts\/485066\/revisions\/485067"}],"wp:featuredmedia":[{"embeddable":true,"href":"http:\/\/desarrollo.grupomedios.com\/futbol\/wp-json\/wp\/v2\/media\/449329"}],"wp:attachment":[{"href":"http:\/\/desarrollo.grupomedios.com\/futbol\/wp-json\/wp\/v2\/media?parent=485066"}],"wp:term":[{"taxonomy":"category","embeddable":true,"href":"http:\/\/desarrollo.grupomedios.com\/futbol\/wp-json\/wp\/v2\/categories?post=485066"},{"taxonomy":"post_tag","embeddable":true,"href":"http:\/\/desarrollo.grupomedios.com\/futbol\/wp-json\/wp\/v2\/tags?post=485066"}],"curies":[{"name":"wp","href":"https:\/\/api.w.org\/{rel}","templated":true}]}}