{"id":485113,"date":"2017-06-24T14:16:30","date_gmt":"2017-06-24T19:16:30","guid":{"rendered":"https:\/\/www.futboltotal.com.mx\/?p=485113"},"modified":"2017-06-24T14:16:30","modified_gmt":"2017-06-24T19:16:30","slug":"psg-quiere-fichar-al-kun-aguero","status":"publish","type":"post","link":"http:\/\/desarrollo.grupomedios.com\/futbol\/futbol-internacional\/psg-quiere-fichar-al-kun-aguero\/2017\/06","title":{"rendered":"PSG quiere fichar al Kun Ag\u00fcero"},"content":{"rendered":"<p>El <strong>Par\u00eds Saint Germain<\/strong> (<span class=\"classCadenaBusqueda\">PSG<\/span>) ha sondeado al argentino del <strong>Manchester City,<\/strong> <strong>Sergio Ag\u00fcero<\/strong> en el caso de que fallaran sus planes de fichar a <strong>Kylian Mbapp\u00e9<\/strong>, del M\u00f3naco, que es su prioridad absoluta, pero que se enfrenta a la competencia del <strong>Real Madrid<\/strong>.<\/p>\n<p>Este es el escenario que presenta hoy <em>&#8220;Le Parisien&#8221;<\/em>, que se\u00f1ala que el nuevo director deportivo del <span class=\"classCadenaBusqueda\">PSG<\/span>, Antero Henrique, ha estado recientemente en contacto con el agente de <strong>Ag\u00fcero<\/strong>, Hern\u00e1n Regue, al que conoce desde hace a\u00f1os.<\/p>\n<p style=\"text-align: left;\"><span style=\"color: #333399;\"><a style=\"color: #333399;\" href=\"https:\/\/www.futboltotal.com.mx\/2017\/06\/andrea-garza-la-bella-novia-jonathan-espericueta\/\" target=\"_blank\" rel=\"noopener noreferrer\">VER M\u00c1S: Andrea Garza, la hermosa novia de Espericueta<\/a><\/span><\/p>\n<p>Como el <strong>Manchester City<\/strong> est\u00e1 buscando a un delantero centro, eso abre las puertas a la salida del argentino, que adem\u00e1s tiene una relaci\u00f3n que &#8220;est\u00e1 lejos de ser id\u00edlica&#8221; con el entrenador, <strong>Pep Guardiola<\/strong>, seg\u00fan <em>&#8220;Le Parisien&#8221;<\/em>.<\/p>\n<p>Adem\u00e1s, hay varios motivos para que el proyecto del equipo de la capital francesa atraiga al <strong>&#8216;Kun&#8217; Ag\u00fcero<\/strong>, empezando por la presencia de una &#8220;colonia&#8221; de otros jugadores sudamericanos, como <strong>Thiago Silva<\/strong>, <strong>Marquinhos<\/strong>,<strong> Lucas<\/strong>, <strong>Di Mar\u00eda<\/strong>, <strong>Cavani<\/strong>, <strong>Pastore<\/strong>, <strong>Lo Celso<\/strong> y <strong>Maxwell<\/strong>.<\/p>\n<p>El internacional argentino, que a sus 29 a\u00f1os reci\u00e9n cumplidos ha disputado 80 partidos con su selecci\u00f3n, prolong\u00f3 en enero pasado su contrato con el <strong>Manchester City<\/strong> hasta 2020.<\/p>\n<p>Pero desde entonces, su situaci\u00f3n deportiva en su club se ha deteriorado.<\/p>\n<p>Actualmente gana un mill\u00f3n de euros al mes, de forma que si tuviera la misma remuneraci\u00f3n con el<strong> <span class=\"classCadenaBusqueda\">PSG<\/span><\/strong>, estar\u00eda entre los cuatro m\u00e1s elevados del club franc\u00e9s.<\/p>\n<p>El equipo de la capital francesa tampoco descarta la pista del centrocampista colombiano del <strong>Real Madrid James Rodr\u00edguez<\/strong>, asegura <em>&#8220;Le Parisien&#8221;<\/em>.<\/p>\n<p style=\"text-align: center;\"><span style=\"color: #333399;\"><a style=\"color: #333399;\" href=\"https:\/\/www.futboltotal.com.mx\/2017\/06\/los-memes-del-mexico-vs-rusia\/\" target=\"_blank\" rel=\"noopener noreferrer\">VER M\u00c1S: Los memes del M\u00e9xico vs Rusia<\/a><\/span><\/p>\n<p>&nbsp;<\/p>\n","protected":false},"excerpt":{"rendered":"<p>Los parisinos se encuentran en busca de un delantero luego que no se concretara nada con Mbapp\u00e9<\/p>\n","protected":false},"author":144,"featured_media":432437,"comment_status":"closed","ping_status":"closed","sticky":false,"template":"","format":"standard","meta":[],"categories":[3839],"tags":[408,5993,114,947],"_links":{"self":[{"href":"http:\/\/desarrollo.grupomedios.com\/futbol\/wp-json\/wp\/v2\/posts\/485113"}],"collection":[{"href":"http:\/\/desarrollo.grupomedios.com\/futbol\/wp-json\/wp\/v2\/posts"}],"about":[{"href":"http:\/\/desarrollo.grupomedios.com\/futbol\/wp-json\/wp\/v2\/types\/post"}],"author":[{"embeddable":true,"href":"http:\/\/desarrollo.grupomedios.com\/futbol\/wp-json\/wp\/v2\/users\/144"}],"replies":[{"embeddable":true,"href":"http:\/\/desarrollo.grupomedios.com\/futbol\/wp-json\/wp\/v2\/comments?post=485113"}],"version-history":[{"count":1,"href":"http:\/\/desarrollo.grupomedios.com\/futbol\/wp-json\/wp\/v2\/posts\/485113\/revisions"}],"predecessor-version":[{"id":485116,"href":"http:\/\/desarrollo.grupomedios.com\/futbol\/wp-json\/wp\/v2\/posts\/485113\/revisions\/485116"}],"wp:featuredmedia":[{"embeddable":true,"href":"http:\/\/desarrollo.grupomedios.com\/futbol\/wp-json\/wp\/v2\/media\/432437"}],"wp:attachment":[{"href":"http:\/\/desarrollo.grupomedios.com\/futbol\/wp-json\/wp\/v2\/media?parent=485113"}],"wp:term":[{"taxonomy":"category","embeddable":true,"href":"http:\/\/desarrollo.grupomedios.com\/futbol\/wp-json\/wp\/v2\/categories?post=485113"},{"taxonomy":"post_tag","embeddable":true,"href":"http:\/\/desarrollo.grupomedios.com\/futbol\/wp-json\/wp\/v2\/tags?post=485113"}],"curies":[{"name":"wp","href":"https:\/\/api.w.org\/{rel}","templated":true}]}}