{"id":485133,"date":"2017-06-24T15:42:42","date_gmt":"2017-06-24T20:42:42","guid":{"rendered":"https:\/\/www.futboltotal.com.mx\/?p=485133"},"modified":"2017-06-24T15:42:42","modified_gmt":"2017-06-24T20:42:42","slug":"andres-guardado-nueva-baja-la-seleccion-mexicana","status":"publish","type":"post","link":"http:\/\/desarrollo.grupomedios.com\/futbol\/destacado-home\/andres-guardado-nueva-baja-la-seleccion-mexicana\/2017\/06","title":{"rendered":"Andr\u00e9s Guardado, nueva baja de la Selecci\u00f3n Mexicana"},"content":{"rendered":"<p>El mediocampista del PSV y de la <span style=\"color: #ff0000;\"><a style=\"color: #ff0000;\" href=\"http:\/\/futboltotal.com.mx\/futbol-mexicano\/seleccion-mexicana\/\" target=\"_blank\" rel=\"noopener noreferrer\">Selecci\u00f3n Mexicana<\/a><\/span>, <strong>Andr\u00e9s Guardado<\/strong>, no podr\u00e1 jugar el pr\u00f3ximo partido del <em>Tri<\/em> en la Copa Confederaciones, debido a que fue amonestado en la primera parte del encuentro ante el anfitri\u00f3n Rusia.<\/p>\n<p><strong>Andr\u00e9s Guardado<\/strong> ya ten\u00eda una amonestaci\u00f3n, la cual se dio en el duelo ante Portugal, donde debut\u00f3 el <em>Tri<\/em> en la Copa Confederaciones. Con ello, el volante queda suspendido de cara a la siguiente fase, donde la <strong>Selecci\u00f3n Mexicana<\/strong> espera rival, sea Alemania o Chile.<\/p>\n<p style=\"text-align: center;\"><span style=\"color: #3366ff;\"><a style=\"color: #3366ff;\" href=\"https:\/\/www.futboltotal.com.mx\/2017\/06\/guillermo-ochoa-molesto-tras-encuentro-ante-rusia\/\" target=\"_blank\" rel=\"noopener noreferrer\"><strong>VER M\u00c1S: Guillermo Ochoa se siente frustrado tras juego ante Rusia<\/strong><\/a><\/span><\/p>\n<p>En la condici\u00f3n de <strong>Andr\u00e9s Guardado<\/strong>, tambi\u00e9n se encuentra el portugu\u00e9s Pepe, quien tambi\u00e9n lleg\u00f3 a dos cartones preventivos tras su partido contra Nueva Zelanda. No obstante, el mexicano es el que lidera la tabla de indisciplina del torneo. Cabe destacar, que el <em>Tri<\/em> no solo podr\u00eda perder a su capit\u00e1n, sino tambi\u00e9n a Diego Reyes, quien sali\u00f3 lesionado.<\/p>\n<p style=\"text-align: center;\"><span style=\"color: #3366ff;\"><a style=\"color: #3366ff;\" href=\"https:\/\/www.futboltotal.com.mx\/2017\/06\/carlos-vela-sigue-irreconciliable-la-prensa-mexicana\/\" target=\"_blank\" rel=\"noopener noreferrer\"><strong>VER M\u00c1S: Carlos Vela se encuentra irreconciliable<\/strong><\/a><\/span><\/p>\n<p><a href=\"https:\/\/www.futboltotal.com.mx\/wp-content\/uploads\/2017\/06\/andres-guardado-tarjetas.jpg\"><img decoding=\"async\" loading=\"lazy\" class=\"alignnone size-full wp-image-485134\" src=\"https:\/\/www.futboltotal.com.mx\/wp-content\/uploads\/2017\/06\/andres-guardado-tarjetas.jpg\" alt=\"Andr\u00e9s Guardado, nueva baja de la Selecci\u00f3n Mexicana 0\" srcset=\"http:\/\/desarrollo.grupomedios.com\/futbol\/wp-content\/uploads\/2017\/06\/andres-guardado-tarjetas.jpg 1136w, http:\/\/desarrollo.grupomedios.com\/futbol\/wp-content\/uploads\/2017\/06\/andres-guardado-tarjetas-300x169.jpg 300w, http:\/\/desarrollo.grupomedios.com\/futbol\/wp-content\/uploads\/2017\/06\/andres-guardado-tarjetas-768x432.jpg 768w, http:\/\/desarrollo.grupomedios.com\/futbol\/wp-content\/uploads\/2017\/06\/andres-guardado-tarjetas-1024x576.jpg 1024w, http:\/\/desarrollo.grupomedios.com\/futbol\/wp-content\/uploads\/2017\/06\/andres-guardado-tarjetas-317x178.jpg 317w, http:\/\/desarrollo.grupomedios.com\/futbol\/wp-content\/uploads\/2017\/06\/andres-guardado-tarjetas-535x301.jpg 535w, http:\/\/desarrollo.grupomedios.com\/futbol\/wp-content\/uploads\/2017\/06\/andres-guardado-tarjetas-374x210.jpg 374w\" sizes=\"(max-width: 1136px) 100vw, 1136px\" \/><\/a><\/p>\n<p style=\"text-align: center;\"><span style=\"color: #3366ff;\"><a style=\"color: #3366ff;\" href=\"https:\/\/www.futboltotal.com.mx\/2017\/06\/mensaje-javier-aquino-chivas\/\" target=\"_blank\" rel=\"noopener noreferrer\"><strong>VER M\u00c1S: Javier Aquino tiene un mensaje para Chivas<\/strong><\/a><\/span><\/p>\n","protected":false},"excerpt":{"rendered":"<p>El volante mexicano se perder\u00e1 las Semifinales, a jugarse el pr\u00f3ximo 29 de junio.<\/p>\n","protected":false},"author":20,"featured_media":485135,"comment_status":"closed","ping_status":"closed","sticky":false,"template":"","format":"standard","meta":[],"categories":[3868,5,3839,2198,3847],"tags":[1580,142],"_links":{"self":[{"href":"http:\/\/desarrollo.grupomedios.com\/futbol\/wp-json\/wp\/v2\/posts\/485133"}],"collection":[{"href":"http:\/\/desarrollo.grupomedios.com\/futbol\/wp-json\/wp\/v2\/posts"}],"about":[{"href":"http:\/\/desarrollo.grupomedios.com\/futbol\/wp-json\/wp\/v2\/types\/post"}],"author":[{"embeddable":true,"href":"http:\/\/desarrollo.grupomedios.com\/futbol\/wp-json\/wp\/v2\/users\/20"}],"replies":[{"embeddable":true,"href":"http:\/\/desarrollo.grupomedios.com\/futbol\/wp-json\/wp\/v2\/comments?post=485133"}],"version-history":[{"count":1,"href":"http:\/\/desarrollo.grupomedios.com\/futbol\/wp-json\/wp\/v2\/posts\/485133\/revisions"}],"predecessor-version":[{"id":485136,"href":"http:\/\/desarrollo.grupomedios.com\/futbol\/wp-json\/wp\/v2\/posts\/485133\/revisions\/485136"}],"wp:featuredmedia":[{"embeddable":true,"href":"http:\/\/desarrollo.grupomedios.com\/futbol\/wp-json\/wp\/v2\/media\/485135"}],"wp:attachment":[{"href":"http:\/\/desarrollo.grupomedios.com\/futbol\/wp-json\/wp\/v2\/media?parent=485133"}],"wp:term":[{"taxonomy":"category","embeddable":true,"href":"http:\/\/desarrollo.grupomedios.com\/futbol\/wp-json\/wp\/v2\/categories?post=485133"},{"taxonomy":"post_tag","embeddable":true,"href":"http:\/\/desarrollo.grupomedios.com\/futbol\/wp-json\/wp\/v2\/tags?post=485133"}],"curies":[{"name":"wp","href":"https:\/\/api.w.org\/{rel}","templated":true}]}}