{"id":485146,"date":"2017-06-24T17:06:09","date_gmt":"2017-06-24T22:06:09","guid":{"rendered":"https:\/\/www.futboltotal.com.mx\/?p=485146"},"modified":"2017-06-24T17:06:09","modified_gmt":"2017-06-24T22:06:09","slug":"james-rodriguez-se-echa-una-cascarita-maluma","status":"publish","type":"post","link":"http:\/\/desarrollo.grupomedios.com\/futbol\/cambio-de-juego\/james-rodriguez-se-echa-una-cascarita-maluma\/2017\/06","title":{"rendered":"James Rodr\u00edguez se echa una &#8216;cascarita&#8217; con Maluma"},"content":{"rendered":"<p>El futbolista colombiano, <strong>James Rodr\u00edguez<\/strong>, se encuentra de vacaciones, sin embargo decidi\u00f3 volver a la actividad para jugar una &#8216;cascarita&#8217; con el cantante <strong>Maluma<\/strong>.<\/p>\n<p style=\"text-align: center;\"><span style=\"color: #333399;\"><a style=\"color: #333399;\" href=\"https:\/\/www.futboltotal.com.mx\/2017\/06\/emoji-apoyar-al-tri-en-copa-confederaciones-copa-oro\/\" target=\"_blank\" rel=\"noopener noreferrer\">VER M\u00c1S: Este es el emoji para apoyar al Tri<\/a><\/span><\/p>\n<p>Ambos se reunieron junto a los tambi\u00e9n futbolistas colombianos,\u00a0<strong>Sebasti\u00e1n Botero<\/strong> y <strong>Juan Fernando Quintero<\/strong>, para realizar un partido amistoso.<\/p>\n<p>Quien comparti\u00f3 la foto que qued\u00f3 como prueba de lo sucedido fue\u00a0Sebasti\u00e1n Botero, quien presumi\u00f3 su partido con las figuras de\u00a0Quinterito, <strong>James y Maluma<\/strong>.<\/p>\n<p><a href=\"https:\/\/www.futboltotal.com.mx\/wp-content\/uploads\/2017\/06\/James-maluma.jpg\"><img decoding=\"async\" loading=\"lazy\" class=\"alignnone size-full wp-image-485148\" src=\"https:\/\/www.futboltotal.com.mx\/wp-content\/uploads\/2017\/06\/James-maluma.jpg\" alt=\"James Rodr\u00edguez se echa una &#8216;cascarita&#8217; con Maluma 0\" srcset=\"http:\/\/desarrollo.grupomedios.com\/futbol\/wp-content\/uploads\/2017\/06\/James-maluma.jpg 938w, http:\/\/desarrollo.grupomedios.com\/futbol\/wp-content\/uploads\/2017\/06\/James-maluma-300x192.jpg 300w, http:\/\/desarrollo.grupomedios.com\/futbol\/wp-content\/uploads\/2017\/06\/James-maluma-768x491.jpg 768w\" sizes=\"(max-width: 938px) 100vw, 938px\" \/><\/a><\/p>\n<p style=\"text-align: center;\"><span style=\"color: #333399;\"><a style=\"color: #333399;\" href=\"https:\/\/www.futboltotal.com.mx\/2017\/06\/psg-quiere-fichar-al-kun-aguero\/\" target=\"_blank\" rel=\"noopener noreferrer\">VER M\u00c1S: Kun Ag\u00fcero podr\u00eda fichar por el PSG<\/a><\/span><\/p>\n","protected":false},"excerpt":{"rendered":"<p>El futbolista del Real Madrid decidi\u00f3 tomarse el tiempo para jugar un partido con el cantante<\/p>\n","protected":false},"author":20,"featured_media":450233,"comment_status":"closed","ping_status":"closed","sticky":false,"template":"","format":"standard","meta":[],"categories":[5419],"tags":[6005,6082,9139],"_links":{"self":[{"href":"http:\/\/desarrollo.grupomedios.com\/futbol\/wp-json\/wp\/v2\/posts\/485146"}],"collection":[{"href":"http:\/\/desarrollo.grupomedios.com\/futbol\/wp-json\/wp\/v2\/posts"}],"about":[{"href":"http:\/\/desarrollo.grupomedios.com\/futbol\/wp-json\/wp\/v2\/types\/post"}],"author":[{"embeddable":true,"href":"http:\/\/desarrollo.grupomedios.com\/futbol\/wp-json\/wp\/v2\/users\/20"}],"replies":[{"embeddable":true,"href":"http:\/\/desarrollo.grupomedios.com\/futbol\/wp-json\/wp\/v2\/comments?post=485146"}],"version-history":[{"count":1,"href":"http:\/\/desarrollo.grupomedios.com\/futbol\/wp-json\/wp\/v2\/posts\/485146\/revisions"}],"predecessor-version":[{"id":485149,"href":"http:\/\/desarrollo.grupomedios.com\/futbol\/wp-json\/wp\/v2\/posts\/485146\/revisions\/485149"}],"wp:featuredmedia":[{"embeddable":true,"href":"http:\/\/desarrollo.grupomedios.com\/futbol\/wp-json\/wp\/v2\/media\/450233"}],"wp:attachment":[{"href":"http:\/\/desarrollo.grupomedios.com\/futbol\/wp-json\/wp\/v2\/media?parent=485146"}],"wp:term":[{"taxonomy":"category","embeddable":true,"href":"http:\/\/desarrollo.grupomedios.com\/futbol\/wp-json\/wp\/v2\/categories?post=485146"},{"taxonomy":"post_tag","embeddable":true,"href":"http:\/\/desarrollo.grupomedios.com\/futbol\/wp-json\/wp\/v2\/tags?post=485146"}],"curies":[{"name":"wp","href":"https:\/\/api.w.org\/{rel}","templated":true}]}}