{"id":485180,"date":"2017-06-24T22:09:56","date_gmt":"2017-06-25T03:09:56","guid":{"rendered":"https:\/\/www.futboltotal.com.mx\/?p=485180"},"modified":"2017-06-24T22:09:56","modified_gmt":"2017-06-25T03:09:56","slug":"enner-valencia-cerca-volver-a-la-liga-mx","status":"publish","type":"post","link":"http:\/\/desarrollo.grupomedios.com\/futbol\/destacado-home\/enner-valencia-cerca-volver-a-la-liga-mx\/2017\/06","title":{"rendered":"Enner Valencia, cerca de volver a la Liga MX"},"content":{"rendered":"<p>Un viejo conocido de la Liga MX estar\u00eda cerca de volver, se trata del ecuatoriano <strong>Enner Valencia<\/strong>, quien podr\u00eda volver al balompi\u00e9 <em>azteca<\/em> si se concreta su fichaje con los <strong>Tigres de la UANL<\/strong>, quienes aparentemente est\u00e1n cerca de contratarlo.<\/p>\n<p>De acuerdo al periodista argentino, C\u00e9sar Luis Merlo, <strong>Enner Valencia<\/strong> ya est\u00e1 apalabrado con los <strong>Tigres<\/strong>, tras acordar los detalles del salario. El atacante, \u00faltimo campe\u00f3n de goleo ecuatoriano en M\u00e9xico, llega procedente del Everton de la Premier League.<\/p>\n<p style=\"text-align: center;\"><span style=\"color: #3366ff;\"><a style=\"color: #3366ff;\" href=\"https:\/\/www.futboltotal.com.mx\/2017\/06\/mensaje-javier-aquino-chivas\/\" target=\"_blank\" rel=\"noopener noreferrer\"><strong>VER M\u00c1S: Javier Aquino env\u00eda un mensaje a Chivas<\/strong><\/a><\/span><\/p>\n<blockquote class=\"twitter-tweet\" data-lang=\"es\">\n<p dir=\"ltr\" lang=\"es\">Enner Valencia, a un paso de <a href=\"https:\/\/twitter.com\/hashtag\/Tigres?src=hash\">#Tigres<\/a>. El ecuatoriano resign\u00f3 dinero y ya acord\u00f3 su contrato. Falta zanjar una diferencia con <a href=\"https:\/\/twitter.com\/hashtag\/WestHam?src=hash\">#WestHam<\/a> <a href=\"https:\/\/t.co\/h7axTmaDsL\">pic.twitter.com\/h7axTmaDsL<\/a><\/p>\n<p>\u2014 C\u00e9sar Luis Merlo (@CLMerlo) <a href=\"https:\/\/twitter.com\/CLMerlo\/status\/878702179464474624\">24 de junio de 2017<\/a><\/p><\/blockquote>\n<p><script async src=\"\/\/platform.twitter.com\/widgets.js\" charset=\"utf-8\"><\/script><\/p>\n<p><strong>Enner Valencia<\/strong> sali\u00f3 de Pachuca en 2014, equipo con el que consigui\u00f3 ser campe\u00f3n de goleo en tan solo un torneo de participaci\u00f3n; de 2014 a 2016 milit\u00f3 en el West-Ham, que es due\u00f1o de su carta, para despu\u00e9s jugar para el Everton.<\/p>\n<p style=\"text-align: center;\"><span style=\"color: #3366ff;\"><a style=\"color: #3366ff;\" href=\"https:\/\/www.futboltotal.com.mx\/2017\/06\/rayados-tendria-nuevo-escudo\/\" target=\"_blank\" rel=\"noopener noreferrer\"><strong>VER M\u00c1S: Rayados de Monterrey tendr\u00edan nuevo escudo<\/strong><\/a><\/span><\/p>\n","protected":false},"excerpt":{"rendered":"<p>El goleador ecuatoriano fichar\u00eda por Tigres para el Apertura 2017.<\/p>\n","protected":false},"author":20,"featured_media":485181,"comment_status":"closed","ping_status":"closed","sticky":false,"template":"","format":"standard","meta":[],"categories":[5,7740,2198,3845],"tags":[5968,5973],"_links":{"self":[{"href":"http:\/\/desarrollo.grupomedios.com\/futbol\/wp-json\/wp\/v2\/posts\/485180"}],"collection":[{"href":"http:\/\/desarrollo.grupomedios.com\/futbol\/wp-json\/wp\/v2\/posts"}],"about":[{"href":"http:\/\/desarrollo.grupomedios.com\/futbol\/wp-json\/wp\/v2\/types\/post"}],"author":[{"embeddable":true,"href":"http:\/\/desarrollo.grupomedios.com\/futbol\/wp-json\/wp\/v2\/users\/20"}],"replies":[{"embeddable":true,"href":"http:\/\/desarrollo.grupomedios.com\/futbol\/wp-json\/wp\/v2\/comments?post=485180"}],"version-history":[{"count":1,"href":"http:\/\/desarrollo.grupomedios.com\/futbol\/wp-json\/wp\/v2\/posts\/485180\/revisions"}],"predecessor-version":[{"id":485182,"href":"http:\/\/desarrollo.grupomedios.com\/futbol\/wp-json\/wp\/v2\/posts\/485180\/revisions\/485182"}],"wp:featuredmedia":[{"embeddable":true,"href":"http:\/\/desarrollo.grupomedios.com\/futbol\/wp-json\/wp\/v2\/media\/485181"}],"wp:attachment":[{"href":"http:\/\/desarrollo.grupomedios.com\/futbol\/wp-json\/wp\/v2\/media?parent=485180"}],"wp:term":[{"taxonomy":"category","embeddable":true,"href":"http:\/\/desarrollo.grupomedios.com\/futbol\/wp-json\/wp\/v2\/categories?post=485180"},{"taxonomy":"post_tag","embeddable":true,"href":"http:\/\/desarrollo.grupomedios.com\/futbol\/wp-json\/wp\/v2\/tags?post=485180"}],"curies":[{"name":"wp","href":"https:\/\/api.w.org\/{rel}","templated":true}]}}