{"id":485196,"date":"2017-06-25T12:24:43","date_gmt":"2017-06-25T17:24:43","guid":{"rendered":"https:\/\/www.futboltotal.com.mx\/?p=485196"},"modified":"2017-06-25T17:01:56","modified_gmt":"2017-06-25T22:01:56","slug":"dos-jugadores-de-la-liga-mx-podrian-ir-al-futbol-chino","status":"publish","type":"post","link":"http:\/\/desarrollo.grupomedios.com\/futbol\/uncategorized\/dos-jugadores-de-la-liga-mx-podrian-ir-al-futbol-chino\/2017\/06","title":{"rendered":"Dos jugadores de la Liga MX podr\u00edan ir al futbol chino"},"content":{"rendered":"<p>La <strong>Superliga China<\/strong> quiere seguir reforzando su futbol y parece que ahora tendr\u00eda la mira en llevarse a un par de jugadores de la <strong>Liga MX<\/strong>, como hace unos meses ya lo intent\u00f3.<\/p>\n<p>Y es que <strong>Dorlan Pab\u00f3n<\/strong> podr\u00eda ser tentado de nuevo -como fue previo al Clausura 2017- de partir rumbo al futbol asi\u00e1tico, pues as\u00ed lo indic\u00f3 su agente, Batato Castro, al programa\u00a0<em>El Alargue<\/em> de <em>radio Caracol<\/em> de Colombia.<\/p>\n<p style=\"text-align: center;\"><span style=\"color: #3366ff;\"><a style=\"color: #3366ff;\" href=\"https:\/\/www.futboltotal.com.mx\/2017\/06\/definidas-las-semifinales-la-copa-confederaciones\/\">VER M\u00c1S: \u00a1Definidas las Semifinales de la Copa Confederaciones!<\/a><\/span><\/p>\n<p>Adem\u00e1s del jugador de <em>Rayados<\/em>, otro elemento que podr\u00eda dejar la <strong>Liga MX<\/strong> ser\u00eda <strong>Darwin Quintero<\/strong>, pues el agente es experto en llevar futbolistas colombianos a <strong>China<\/strong> y el caso del jugador de Am\u00e9rica ser\u00eda m\u00e1s f\u00e1cil al estar transferible.<\/p>\n<p>&#8220;Tenemos en carpeta para llevar a <strong>Chin<\/strong>a a <strong>Darwin Quintero<\/strong> y a <strong>Dorlan Pab\u00f3n<\/strong>\u201d, expres\u00f3 el agente durante el programa.<\/p>\n<p style=\"text-align: center;\"><span style=\"color: #3366ff;\"><a style=\"color: #3366ff;\" href=\"https:\/\/www.futboltotal.com.mx\/2017\/06\/mensaje-javier-aquino-chivas\/\">VER M\u00c1S: \u00a1El mensaje de Javier Aquino para Chivas!<\/a><\/span><\/p>\n<p>El pasado diciembre del 2016, <strong>Pab\u00f3n<\/strong> incluso se despidi\u00f3 de algunos compa\u00f1eros de Rayados, convencido de que emigrar\u00eda al futbol chino, debido a la oferta que recibi\u00f3, aunque al final lograron persuadirlo de seguir en la <em>Sultana del Nort<\/em>e para buscar el t\u00edtulo de <em>Liga MX<\/em> que se le ha negado a los regios en los \u00faltimos siete a\u00f1os.<\/p>\n","protected":false},"excerpt":{"rendered":"<p>Dorlan Pab\u00f3n y Darwin Quintero podr\u00edan emigrar al futbol asi\u00e1tico.<\/p>\n","protected":false},"author":20,"featured_media":479193,"comment_status":"closed","ping_status":"closed","sticky":false,"template":"","format":"standard","meta":[],"categories":[2198,3845,1],"tags":[284,2612,64,6846],"_links":{"self":[{"href":"http:\/\/desarrollo.grupomedios.com\/futbol\/wp-json\/wp\/v2\/posts\/485196"}],"collection":[{"href":"http:\/\/desarrollo.grupomedios.com\/futbol\/wp-json\/wp\/v2\/posts"}],"about":[{"href":"http:\/\/desarrollo.grupomedios.com\/futbol\/wp-json\/wp\/v2\/types\/post"}],"author":[{"embeddable":true,"href":"http:\/\/desarrollo.grupomedios.com\/futbol\/wp-json\/wp\/v2\/users\/20"}],"replies":[{"embeddable":true,"href":"http:\/\/desarrollo.grupomedios.com\/futbol\/wp-json\/wp\/v2\/comments?post=485196"}],"version-history":[{"count":2,"href":"http:\/\/desarrollo.grupomedios.com\/futbol\/wp-json\/wp\/v2\/posts\/485196\/revisions"}],"predecessor-version":[{"id":485210,"href":"http:\/\/desarrollo.grupomedios.com\/futbol\/wp-json\/wp\/v2\/posts\/485196\/revisions\/485210"}],"wp:featuredmedia":[{"embeddable":true,"href":"http:\/\/desarrollo.grupomedios.com\/futbol\/wp-json\/wp\/v2\/media\/479193"}],"wp:attachment":[{"href":"http:\/\/desarrollo.grupomedios.com\/futbol\/wp-json\/wp\/v2\/media?parent=485196"}],"wp:term":[{"taxonomy":"category","embeddable":true,"href":"http:\/\/desarrollo.grupomedios.com\/futbol\/wp-json\/wp\/v2\/categories?post=485196"},{"taxonomy":"post_tag","embeddable":true,"href":"http:\/\/desarrollo.grupomedios.com\/futbol\/wp-json\/wp\/v2\/tags?post=485196"}],"curies":[{"name":"wp","href":"https:\/\/api.w.org\/{rel}","templated":true}]}}