{"id":485237,"date":"2017-06-25T15:21:10","date_gmt":"2017-06-25T20:21:10","guid":{"rendered":"https:\/\/www.futboltotal.com.mx\/?p=485237"},"modified":"2017-06-25T15:22:00","modified_gmt":"2017-06-25T20:22:00","slug":"monaco-le-pagaria-una-millonada-a-mbappe-si-se-queda","status":"publish","type":"post","link":"http:\/\/desarrollo.grupomedios.com\/futbol\/futbol-internacional\/monaco-le-pagaria-una-millonada-a-mbappe-si-se-queda\/2017\/06","title":{"rendered":"M\u00f3naco pagar\u00eda una millonada a Mbapp\u00e9 para retenerlo"},"content":{"rendered":"<p>Muchos son los clubes interesados en la nueva joya del futbol franc\u00e9s, <a href=\"https:\/\/www.futboltotal.com.mx\/2017\/06\/real-madrid-tendria-apalabrados-a-mbappe-y-donnarumma\/\" target=\"_blank\" rel=\"noopener noreferrer\"><span style=\"color: #333399;\"><strong>Kylian Mbapp\u00e9<\/strong><\/span><\/a>, es por ello que el <a href=\"https:\/\/www.futboltotal.com.mx\/2017\/06\/juvenil-del-barcelona-jordi-mboula-firma-monaco\/\" target=\"_blank\" rel=\"noopener noreferrer\"><span style=\"color: #333399;\"><strong>M\u00f3naco<\/strong> <\/span><\/a>le ofrecer\u00eda un aumento del 900 por ciento al jugador, que pasar\u00eda de cobrar 80 mil euros al mes a facturar 700 mil euros, alcanzando al \u2018Tigre\u2019 <strong>Falcao<\/strong> en lo salarial.<\/p>\n<p style=\"text-align: center;\"><a href=\"https:\/\/www.futboltotal.com.mx\/2017\/06\/chicharito-felicita-a-layun-cumpleanos-emotivo-mensaje\/\" target=\"_blank\" rel=\"noopener noreferrer\"><span style=\"color: #333399;\">VER M\u00c1S:\u00a0<\/span><\/a><span style=\"color: #333399;\">Chicharito felicita a Lay\u00fan por su cumplea\u00f1os con emotivo mensaje<\/span><\/p>\n<p>De acuerdo con informaci\u00f3n de Journal du Dimanche, el<a href=\"https:\/\/www.futboltotal.com.mx\/2017\/06\/figo-cree-cristiano-ronaldo-sea-imprescindible-en-real-madrid\/\" target=\"_blank\" rel=\"noopener noreferrer\"><span style=\"color: #333399;\"> <strong>Real Madrid<\/strong><\/span><\/a> habr\u00eda puesto sobre la mesa una oferta de 130 millones de euros m\u00e1s objetivos por el delantero galo; mientras que <a href=\"https:\/\/www.futboltotal.com.mx\/2017\/06\/psg-buscara-fichar-a-mbappe-a-james-rodriguez\/\" target=\"_blank\" rel=\"noopener noreferrer\"><span style=\"color: #333399;\"><strong>PSG<\/strong><\/span><\/a> lo tiene como prioridad para la siguiente temporada, <a href=\"https:\/\/www.futboltotal.com.mx\/2017\/06\/arsenal-presento-su-nueva-piel\/\" target=\"_blank\" rel=\"noopener noreferrer\"><span style=\"color: #333399;\"><strong>Arsenal<\/strong><\/span><\/a> habr\u00eda decidido retirarse y pujar por <strong>Alexandre Lacazette.<\/strong><\/p>\n<p style=\"text-align: center;\"><a href=\"https:\/\/www.futboltotal.com.mx\/2017\/06\/barcelona-regresaria-a-la-elite-a-figura-la-superliga-china\/\" target=\"_blank\" rel=\"noopener noreferrer\"><span style=\"color: #333399;\">VER M\u00c1S:\u00a0<\/span><\/a><span style=\"color: #333399;\">Barcelona regresar\u00eda a la \u00e9lite\u2019 a figura de la Superliga China<\/span><\/p>\n<p>Sin embargo, el conjunto<em> Monegasco<\/em> buscar\u00eda a toda costa retener al goleador, aunque sea s\u00f3lo por una temporada m\u00e1s, por lo que le habr\u00edan ofrecido una jugosa oferta salarial para contrarrestar el deseo de otros clubes por llevarse al jugador.<\/p>\n","protected":false},"excerpt":{"rendered":"<p>Mbapp\u00e9 ganar\u00eda una millonada si decide quedarse con el M\u00f3naco por una temporada m\u00e1s.<\/p>\n","protected":false},"author":20,"featured_media":484829,"comment_status":"closed","ping_status":"closed","sticky":false,"template":"","format":"standard","meta":[],"categories":[3839],"tags":[9140,6044,6098,8525,6093,114,5988],"_links":{"self":[{"href":"http:\/\/desarrollo.grupomedios.com\/futbol\/wp-json\/wp\/v2\/posts\/485237"}],"collection":[{"href":"http:\/\/desarrollo.grupomedios.com\/futbol\/wp-json\/wp\/v2\/posts"}],"about":[{"href":"http:\/\/desarrollo.grupomedios.com\/futbol\/wp-json\/wp\/v2\/types\/post"}],"author":[{"embeddable":true,"href":"http:\/\/desarrollo.grupomedios.com\/futbol\/wp-json\/wp\/v2\/users\/20"}],"replies":[{"embeddable":true,"href":"http:\/\/desarrollo.grupomedios.com\/futbol\/wp-json\/wp\/v2\/comments?post=485237"}],"version-history":[{"count":1,"href":"http:\/\/desarrollo.grupomedios.com\/futbol\/wp-json\/wp\/v2\/posts\/485237\/revisions"}],"predecessor-version":[{"id":485241,"href":"http:\/\/desarrollo.grupomedios.com\/futbol\/wp-json\/wp\/v2\/posts\/485237\/revisions\/485241"}],"wp:featuredmedia":[{"embeddable":true,"href":"http:\/\/desarrollo.grupomedios.com\/futbol\/wp-json\/wp\/v2\/media\/484829"}],"wp:attachment":[{"href":"http:\/\/desarrollo.grupomedios.com\/futbol\/wp-json\/wp\/v2\/media?parent=485237"}],"wp:term":[{"taxonomy":"category","embeddable":true,"href":"http:\/\/desarrollo.grupomedios.com\/futbol\/wp-json\/wp\/v2\/categories?post=485237"},{"taxonomy":"post_tag","embeddable":true,"href":"http:\/\/desarrollo.grupomedios.com\/futbol\/wp-json\/wp\/v2\/tags?post=485237"}],"curies":[{"name":"wp","href":"https:\/\/api.w.org\/{rel}","templated":true}]}}