{"id":485265,"date":"2017-06-25T16:55:51","date_gmt":"2017-06-25T21:55:51","guid":{"rendered":"https:\/\/www.futboltotal.com.mx\/?p=485265"},"modified":"2017-06-25T16:55:51","modified_gmt":"2017-06-25T21:55:51","slug":"leon-perdono-a-diego-novaretti-volvera-a-jugar-club","status":"publish","type":"post","link":"http:\/\/desarrollo.grupomedios.com\/futbol\/futbol-mexicano\/leon-perdono-a-diego-novaretti-volvera-a-jugar-club\/2017\/06","title":{"rendered":"Le\u00f3n perdon\u00f3 a Diego Novaretti y volver\u00e1 a jugar con el club"},"content":{"rendered":"<p>El torneo pasado, la directiva del <strong>Le\u00f3n<\/strong> rescindi\u00f3 el contrato del argentino <strong>Diego Novaretti<\/strong>, luego de acumular un castigo de 13 partidos, seis por escupir al Chucky Lozano y siete por empujar a un \u00e1rbitro en un amistoso en Estados Unidos.<\/p>\n<p>Ante la lesi\u00f3n de Burdisso, quien estar\u00e1 fuera todo el torneo venidero, los verdes decidieron perdonar a <strong>Novaretti<\/strong> y lo han integrado a la pretemporada de los Esmeraldas; eso s\u00ed, advertido de que no quieren que haya m\u00e1s indisciplinas.<\/p>\n<p style=\"text-align: center;\"><span style=\"color: #3366ff;\"><a style=\"color: #3366ff;\" href=\"https:\/\/www.futboltotal.com.mx\/2017\/06\/definidas-las-semifinales-la-copa-confederaciones\/\">VER M\u00c1S: \u00a1Definidas las Semifinales de la Copa Confederaciones!<\/a><\/span><\/p>\n<p>Uno de los que pidi\u00f3 que se le diera otra oportunidad al jugador de <strong>Le\u00f3n,<\/strong> fue Javier Torrente, quien asegur\u00f3 que se le maltrat\u00f3 de m\u00e1s.<\/p>\n<p>&#8220;A veces se juzga muy f\u00e1cilmente, qui\u00e9n puede dudar de la trayectoria de <strong>Novaretti<\/strong>, lo que hizo en Toluca, en Europa, que haya tenido un mal semestre depende de un mont\u00f3n de cuestiones, problemas personales. No s\u00e9 si se le maltrat\u00f3, pero no se le protegi\u00f3, lo apoyo. Estamos contando con un jugador de una jerarqu\u00eda importante para la Liga MX, es un profesional de primer nivel. Consider\u00e9 y pele\u00e9 para que continuara con nosotros. Tuvo algunas ofertas, pero \u00e9l y la dirigencia prefirieron que siguiera con nosotros, tiene ganas de revancha\u201d, indic\u00f3 Torrente.<\/p>\n<p style=\"text-align: center;\"><span style=\"color: #3366ff;\"><a style=\"color: #3366ff;\" href=\"https:\/\/www.futboltotal.com.mx\/2017\/06\/modelo-delato-a-ex-jugador-cruz-azul-infiel\/\">VER M\u00c1S: Modelo delat\u00f3 a ex jugador de Cruz Azul por infiel<\/a><\/span><\/p>\n","protected":false},"excerpt":{"rendered":"<p>El argentino regresar\u00e1 a La Fiera tras la baja de Burdisso.<\/p>\n","protected":false},"author":20,"featured_media":470284,"comment_status":"closed","ping_status":"closed","sticky":false,"template":"","format":"standard","meta":[],"categories":[2198,3845],"tags":[5965,64],"_links":{"self":[{"href":"http:\/\/desarrollo.grupomedios.com\/futbol\/wp-json\/wp\/v2\/posts\/485265"}],"collection":[{"href":"http:\/\/desarrollo.grupomedios.com\/futbol\/wp-json\/wp\/v2\/posts"}],"about":[{"href":"http:\/\/desarrollo.grupomedios.com\/futbol\/wp-json\/wp\/v2\/types\/post"}],"author":[{"embeddable":true,"href":"http:\/\/desarrollo.grupomedios.com\/futbol\/wp-json\/wp\/v2\/users\/20"}],"replies":[{"embeddable":true,"href":"http:\/\/desarrollo.grupomedios.com\/futbol\/wp-json\/wp\/v2\/comments?post=485265"}],"version-history":[{"count":1,"href":"http:\/\/desarrollo.grupomedios.com\/futbol\/wp-json\/wp\/v2\/posts\/485265\/revisions"}],"predecessor-version":[{"id":485268,"href":"http:\/\/desarrollo.grupomedios.com\/futbol\/wp-json\/wp\/v2\/posts\/485265\/revisions\/485268"}],"wp:featuredmedia":[{"embeddable":true,"href":"http:\/\/desarrollo.grupomedios.com\/futbol\/wp-json\/wp\/v2\/media\/470284"}],"wp:attachment":[{"href":"http:\/\/desarrollo.grupomedios.com\/futbol\/wp-json\/wp\/v2\/media?parent=485265"}],"wp:term":[{"taxonomy":"category","embeddable":true,"href":"http:\/\/desarrollo.grupomedios.com\/futbol\/wp-json\/wp\/v2\/categories?post=485265"},{"taxonomy":"post_tag","embeddable":true,"href":"http:\/\/desarrollo.grupomedios.com\/futbol\/wp-json\/wp\/v2\/tags?post=485265"}],"curies":[{"name":"wp","href":"https:\/\/api.w.org\/{rel}","templated":true}]}}