{"id":485297,"date":"2017-06-26T09:52:02","date_gmt":"2017-06-26T14:52:02","guid":{"rendered":"https:\/\/www.futboltotal.com.mx\/?p=485297"},"modified":"2017-06-26T09:59:56","modified_gmt":"2017-06-26T14:59:56","slug":"batalla-campal-barras-america-pumas-en-partido-leyendas","status":"publish","type":"post","link":"http:\/\/desarrollo.grupomedios.com\/futbol\/futbol-mexicano\/batalla-campal-barras-america-pumas-en-partido-leyendas\/2017\/06","title":{"rendered":"Batalla campal entre barras de Am\u00e9rica y Pumas en partido de leyendas"},"content":{"rendered":"<p>El condado estadounidense de Orange, California vivi\u00f3 un lamentable episodio este domingo cuando <strong>barras<\/strong> de los equipos <strong>Am\u00e9rica<\/strong> y <strong>Pumas<\/strong> protagonizaron una <strong>batalla campal<\/strong> durante un partido a beneficio entre leyendas de <em><strong>\u00c1guilas<\/strong><\/em> y <em><strong>Universitarios<\/strong><\/em>.<\/p>\n<p>En el\u00a0Santa Ana Municipal Stadium, los pseudoaficionados se saltaron de las tribunas al campo de juego y se liaron a golpes, esto ante la incapacidad de los pocos polic\u00edas que se encontraban en el inmueble.<\/p>\n<p style=\"text-align: center;\"><a href=\"https:\/\/www.futboltotal.com.mx\/2017\/06\/felipe-mora-presento-molestias-en-la-rodilla\/\" target=\"_blank\" rel=\"noopener noreferrer\"><span style=\"color: #333399;\">VER M\u00c1S: Refuerzo de Cruz Azul acab\u00f3 en el hospital<\/span><\/a><\/p>\n<p>&nbsp;<\/p>\n<blockquote class=\"twitter-video\" data-lang=\"es\">\n<p dir=\"ltr\" lang=\"es\">Pelea entre Porra de Am\u00e9rica y Pumas en partido amistoso de leyendas en California. Seguimos sin entender \u200d\u2642\ufe0f <a href=\"https:\/\/t.co\/5T328ndgQt\">pic.twitter.com\/5T328ndgQt<\/a><\/p>\n<p>\u2014 Pambolero Puma (@PamboleroPuma) <a href=\"https:\/\/twitter.com\/PamboleroPuma\/status\/879176281916682241\">26 de junio de 2017<\/a><\/p><\/blockquote>\n<p><script async src=\"\/\/platform.twitter.com\/widgets.js\" charset=\"utf-8\"><\/script><\/p>\n<p>Este partido a beneficio de la fundaci\u00f3n United Soccer Talents cont\u00f3 con ex futbolistas americanistas como <strong>Zague, Antonio Carlos Santos, Adolfo R\u00edos, Salvador Caba\u00f1as,\u00a0<b>Frankie Oviedo, Reynaldo Navia y Fabi\u00e1n Estay.<\/b><\/strong><\/p>\n<p>Por el bando de <strong>Pumas<\/strong> estuvieron <strong>Claudio Su\u00e1rez, Manuel Negrete,<\/strong><strong>\u00a0Ailton Da Silva,\u00a0<b>Alberto Garc\u00eda Aspe, Sergio Bernal, Marco Palacios <\/b>y<b> Miguel Espa\u00f1a.<\/b><\/strong><\/p>\n<p>Sin embargo, los asistentes al encuentro apenas pudieron disfrutar unos minutos viendo jugar a sus \u00eddolos, quienes ya no salieron al campo para la segunda mitad debido a los hechos de violencia.<\/p>\n<p style=\"text-align: center;\"><a href=\"https:\/\/www.futboltotal.com.mx\/2017\/06\/chucky-lozano-revelo-por-que-firmo-con-psv\/\" target=\"_blank\" rel=\"noopener noreferrer\"><span style=\"color: #333399;\">VER M\u00c1S: Chucky Lozano revel\u00f3 por qu\u00e9 firm\u00f3 con el PSV<\/span><\/a><\/p>\n<p>\u00a0<iframe loading=\"lazy\" src=\"https:\/\/www.youtube.com\/embed\/mILWdk3jn1I\" frameborder=\"0\" allowfullscreen=\"allowfullscreen\"><\/iframe><\/p>\n","protected":false},"excerpt":{"rendered":"<p>En Estados Unidos se disput\u00f3 este partido que acab\u00f3 a golpes entre pseudoaficionados.<\/p>\n","protected":false},"author":20,"featured_media":485300,"comment_status":"closed","ping_status":"closed","sticky":false,"template":"","format":"standard","meta":[],"categories":[5419,2198,3845],"tags":[5959,9147,9146,74],"_links":{"self":[{"href":"http:\/\/desarrollo.grupomedios.com\/futbol\/wp-json\/wp\/v2\/posts\/485297"}],"collection":[{"href":"http:\/\/desarrollo.grupomedios.com\/futbol\/wp-json\/wp\/v2\/posts"}],"about":[{"href":"http:\/\/desarrollo.grupomedios.com\/futbol\/wp-json\/wp\/v2\/types\/post"}],"author":[{"embeddable":true,"href":"http:\/\/desarrollo.grupomedios.com\/futbol\/wp-json\/wp\/v2\/users\/20"}],"replies":[{"embeddable":true,"href":"http:\/\/desarrollo.grupomedios.com\/futbol\/wp-json\/wp\/v2\/comments?post=485297"}],"version-history":[{"count":3,"href":"http:\/\/desarrollo.grupomedios.com\/futbol\/wp-json\/wp\/v2\/posts\/485297\/revisions"}],"predecessor-version":[{"id":485304,"href":"http:\/\/desarrollo.grupomedios.com\/futbol\/wp-json\/wp\/v2\/posts\/485297\/revisions\/485304"}],"wp:featuredmedia":[{"embeddable":true,"href":"http:\/\/desarrollo.grupomedios.com\/futbol\/wp-json\/wp\/v2\/media\/485300"}],"wp:attachment":[{"href":"http:\/\/desarrollo.grupomedios.com\/futbol\/wp-json\/wp\/v2\/media?parent=485297"}],"wp:term":[{"taxonomy":"category","embeddable":true,"href":"http:\/\/desarrollo.grupomedios.com\/futbol\/wp-json\/wp\/v2\/categories?post=485297"},{"taxonomy":"post_tag","embeddable":true,"href":"http:\/\/desarrollo.grupomedios.com\/futbol\/wp-json\/wp\/v2\/tags?post=485297"}],"curies":[{"name":"wp","href":"https:\/\/api.w.org\/{rel}","templated":true}]}}