{"id":485302,"date":"2017-06-26T10:22:41","date_gmt":"2017-06-26T15:22:41","guid":{"rendered":"https:\/\/www.futboltotal.com.mx\/?p=485302"},"modified":"2017-06-26T12:38:28","modified_gmt":"2017-06-26T17:38:28","slug":"chicharito-no-entreno-al-parejo-con-el-tri-nueva-baja","status":"publish","type":"post","link":"http:\/\/desarrollo.grupomedios.com\/futbol\/destacado-home\/chicharito-no-entreno-al-parejo-con-el-tri-nueva-baja\/2017\/06","title":{"rendered":"Chicharito no entren\u00f3 al parejo con el Tri&#8230;\u00bfNueva baja?"},"content":{"rendered":"<p>El delantero mexicano, <strong>Javier Hern\u00e1ndez<\/strong>, no entren\u00f3 al parejo de la <strong>Selecci\u00f3n Mexicana<\/strong> para buscar darle descanso debido a una sobrecarga muscular.<\/p>\n<p><em><strong>Chicharito<\/strong><\/em> ha sido titular en dos de los tres partidos del <em><strong>Tri<\/strong><\/em> en esta <strong>Copa Confederaciones<\/strong>, no est\u00e1 lesionado pero s\u00ed lo cuidan para evitar que ello suceda. Por lo mismo, <em><strong>Chicharito<\/strong><\/em> trabaj\u00f3 en una de las esquinas de la cancha bajo las \u00f3rdenes del preparador f\u00edsico, Vicente Espadas.<\/p>\n<p style=\"text-align: center;\"><span style=\"color: #3366ff;\"><a style=\"color: #3366ff;\" href=\"https:\/\/www.futboltotal.com.mx\/2017\/06\/christian-cueva-ultimo-refuerzo-cruz-azul\/\">VER M\u00c1S: Christian Cueva ser\u00eda el \u00faltimo refuerzo de Cruz Azul<\/a><\/span><\/p>\n<p>\u201cEstaba todav\u00eda un poquito cansado del partido, lleva muchos minutos, muchos entrenamientos, muchos partidos y necesitaba un poquito de descanso pero nada m\u00e1s&#8221;, asegur\u00f3 Jonathan dos Santos al final de la sesi\u00f3n.<\/p>\n<p>La Selecci\u00f3n Mexicana termin\u00f3 de entrenar y viajar\u00e1 a Sochi para preparar su partido frente Alemania, donde dif\u00edcilmente podr\u00e1 contar con el defensa central Diego Reyes, quien sali\u00f3 lesionado ante Rusia.<\/p>\n","protected":false},"excerpt":{"rendered":"<p>El Tri ya tiene tres bajas contra Alemania.<\/p>\n","protected":false},"author":20,"featured_media":484067,"comment_status":"closed","ping_status":"closed","sticky":false,"template":"","format":"standard","meta":[],"categories":[3868,5,3839,2198,3847],"tags":[120,5985,1580,65],"_links":{"self":[{"href":"http:\/\/desarrollo.grupomedios.com\/futbol\/wp-json\/wp\/v2\/posts\/485302"}],"collection":[{"href":"http:\/\/desarrollo.grupomedios.com\/futbol\/wp-json\/wp\/v2\/posts"}],"about":[{"href":"http:\/\/desarrollo.grupomedios.com\/futbol\/wp-json\/wp\/v2\/types\/post"}],"author":[{"embeddable":true,"href":"http:\/\/desarrollo.grupomedios.com\/futbol\/wp-json\/wp\/v2\/users\/20"}],"replies":[{"embeddable":true,"href":"http:\/\/desarrollo.grupomedios.com\/futbol\/wp-json\/wp\/v2\/comments?post=485302"}],"version-history":[{"count":3,"href":"http:\/\/desarrollo.grupomedios.com\/futbol\/wp-json\/wp\/v2\/posts\/485302\/revisions"}],"predecessor-version":[{"id":485323,"href":"http:\/\/desarrollo.grupomedios.com\/futbol\/wp-json\/wp\/v2\/posts\/485302\/revisions\/485323"}],"wp:featuredmedia":[{"embeddable":true,"href":"http:\/\/desarrollo.grupomedios.com\/futbol\/wp-json\/wp\/v2\/media\/484067"}],"wp:attachment":[{"href":"http:\/\/desarrollo.grupomedios.com\/futbol\/wp-json\/wp\/v2\/media?parent=485302"}],"wp:term":[{"taxonomy":"category","embeddable":true,"href":"http:\/\/desarrollo.grupomedios.com\/futbol\/wp-json\/wp\/v2\/categories?post=485302"},{"taxonomy":"post_tag","embeddable":true,"href":"http:\/\/desarrollo.grupomedios.com\/futbol\/wp-json\/wp\/v2\/tags?post=485302"}],"curies":[{"name":"wp","href":"https:\/\/api.w.org\/{rel}","templated":true}]}}