{"id":485308,"date":"2017-06-26T12:26:43","date_gmt":"2017-06-26T17:26:43","guid":{"rendered":"https:\/\/www.futboltotal.com.mx\/?p=485308"},"modified":"2017-06-26T12:26:43","modified_gmt":"2017-06-26T17:26:43","slug":"hermano-julio-cesar-chavez-fue-asaltado-asesinado","status":"publish","type":"post","link":"http:\/\/desarrollo.grupomedios.com\/futbol\/no-todo-es-futbol\/hermano-julio-cesar-chavez-fue-asaltado-asesinado\/2017\/06","title":{"rendered":"Hermano de Julio C\u00e9sar Ch\u00e1vez fue asaltado y asesinado"},"content":{"rendered":"<p>La noche del domingo 25 de junio fue asesinado <strong>Rafael Ch\u00e1vez Gonz\u00e1lez<\/strong>, hermano del \u00eddolo del boxeo mexicano <strong>Julio C\u00e9sar Ch\u00e1vez<\/strong>, quien perdi\u00f3 la vida al resistirse durante un asalto en Sinaloa.<\/p>\n<p>La informaci\u00f3n fue dada a conocer por <strong>Omar Ch\u00e1vez Carrasco<\/strong>, hijo del <em>C\u00e9sar del Boxeo<\/em>, quien por medio de redes sociales public\u00f3 una fotograf\u00eda junto a un mensaje en el que mostr\u00f3 su indignaci\u00f3n tras el fallecimiento de su t\u00edo.<\/p>\n<p style=\"text-align: center;\"><a href=\"https:\/\/www.futboltotal.com.mx\/2017\/06\/creen-terco-seguir-mis-principios-lo-juan-carlos-osorio\/\" target=\"_blank\" rel=\"noopener noreferrer\"><span style=\"color: #333399;\">VER M\u00c1S: Osorio responde a sus cr\u00edticos, aceptando que &#8220;es terco&#8221;<\/span><\/a><\/p>\n<p>&#8220;Es incre\u00edble esto, acaban de asaltar a mi t\u00edo borrego y como no quiso darles el dinero lo mataron. Es incre\u00edble c\u00f3mo la gente le puede quitar la vida a alguien que tiene hijos, madre, esposa sin saber el dolor y da\u00f1o que provocar\u00e1n as\u00ed de f\u00e1cil. No lo puedo creer, espero y se haga justicia&#8221;, dijo <strong>Ch\u00e1vez Carrasco<\/strong>.<\/p>\n<p style=\"text-align: center;\"><a href=\"https:\/\/www.futboltotal.com.mx\/2017\/06\/chicharito-no-entreno-al-parejo-con-el-tri-nueva-baja\/\" target=\"_blank\" rel=\"noopener noreferrer\"><span style=\"color: #333399;\">VER M\u00c1S: Chicharito no entren\u00f3 al parejo&#8230; \u00bfnueva baja en el Tri?<\/span><\/a><\/p>\n<p>&nbsp;<\/p>\n<blockquote class=\"instagram-media\" style=\"background: #FFF; border: 0; border-radius: 3px; box-shadow: 0 0 1px 0 rgba(0,0,0,0.5),0 1px 10px 0 rgba(0,0,0,0.15); margin: 1px; max-width: 658px; padding: 0; width: calc(100% - 2px);\" data-instgrm-captioned=\"\" data-instgrm-version=\"7\">\n<div style=\"padding: 8px;\">\n<div style=\"background: #F8F8F8; line-height: 0; margin-top: 40px; padding: 50.0% 0; text-align: center; width: 100%;\"><\/div>\n<p style=\"margin: 8px 0 0 0; padding: 0 4px;\"><a style=\"color: #000; font-family: Arial,sans-serif; font-size: 14px; font-style: normal; font-weight: normal; line-height: 17px; text-decoration: none; word-wrap: break-word;\" href=\"https:\/\/www.instagram.com\/p\/BVynCTIFgGG\/\" target=\"_blank\" rel=\"noopener noreferrer\">Es incre\u00edble esto acaban de asaltar a mi t\u00edo borrego y como no quiso darles el dinero lo mataron es incre\u00edble c\u00f3mo la gente le puede quitar la vida a alguien que tiene hijos y madre esposa sin saber el dolor y da\u0144o que provocar\u00e1n as\u00ed de f\u00e1cil no lo puedo creer espero y se haga justicia @chuyvaldesp @quirino_ordaz &#x1f494;&#x1f494;&#x1f494;<\/a><\/p>\n<p style=\"color: #c9c8cd; font-family: Arial,sans-serif; font-size: 14px; line-height: 17px; margin-bottom: 0; margin-top: 8px; overflow: hidden; padding: 8px 0 7px; text-align: center; text-overflow: ellipsis; white-space: nowrap;\">A post shared by Omar Alonso Chavez Carrasco (@omarchavezzbu) on <time style=\"font-family: Arial,sans-serif; font-size: 14px; line-height: 17px;\" datetime=\"2017-06-26T05:18:39+00:00\">Jun 25, 2017 at 10:18pm PDT<\/time><\/p>\n<\/div>\n<\/blockquote>\n<p><script async defer src=\"\/\/platform.instagram.com\/en_US\/embeds.js\"><\/script><\/p>\n","protected":false},"excerpt":{"rendered":"<p>El hermano del C\u00e9sar del Boxeo perdi\u00f3 la vida en Sinaloa.<\/p>\n","protected":false},"author":20,"featured_media":485319,"comment_status":"closed","ping_status":"closed","sticky":false,"template":"","format":"standard","meta":[],"categories":[6282,5419,5418,6411],"tags":[5935,7820,9148],"_links":{"self":[{"href":"http:\/\/desarrollo.grupomedios.com\/futbol\/wp-json\/wp\/v2\/posts\/485308"}],"collection":[{"href":"http:\/\/desarrollo.grupomedios.com\/futbol\/wp-json\/wp\/v2\/posts"}],"about":[{"href":"http:\/\/desarrollo.grupomedios.com\/futbol\/wp-json\/wp\/v2\/types\/post"}],"author":[{"embeddable":true,"href":"http:\/\/desarrollo.grupomedios.com\/futbol\/wp-json\/wp\/v2\/users\/20"}],"replies":[{"embeddable":true,"href":"http:\/\/desarrollo.grupomedios.com\/futbol\/wp-json\/wp\/v2\/comments?post=485308"}],"version-history":[{"count":1,"href":"http:\/\/desarrollo.grupomedios.com\/futbol\/wp-json\/wp\/v2\/posts\/485308\/revisions"}],"predecessor-version":[{"id":485320,"href":"http:\/\/desarrollo.grupomedios.com\/futbol\/wp-json\/wp\/v2\/posts\/485308\/revisions\/485320"}],"wp:featuredmedia":[{"embeddable":true,"href":"http:\/\/desarrollo.grupomedios.com\/futbol\/wp-json\/wp\/v2\/media\/485319"}],"wp:attachment":[{"href":"http:\/\/desarrollo.grupomedios.com\/futbol\/wp-json\/wp\/v2\/media?parent=485308"}],"wp:term":[{"taxonomy":"category","embeddable":true,"href":"http:\/\/desarrollo.grupomedios.com\/futbol\/wp-json\/wp\/v2\/categories?post=485308"},{"taxonomy":"post_tag","embeddable":true,"href":"http:\/\/desarrollo.grupomedios.com\/futbol\/wp-json\/wp\/v2\/tags?post=485308"}],"curies":[{"name":"wp","href":"https:\/\/api.w.org\/{rel}","templated":true}]}}