{"id":485315,"date":"2017-06-26T11:25:48","date_gmt":"2017-06-26T16:25:48","guid":{"rendered":"https:\/\/www.futboltotal.com.mx\/?p=485315"},"modified":"2017-06-26T11:25:48","modified_gmt":"2017-06-26T16:25:48","slug":"alexandre-pato-confeso-pudo-haber-fichado-real-madrid","status":"publish","type":"post","link":"http:\/\/desarrollo.grupomedios.com\/futbol\/futbol-internacional\/alexandre-pato-confeso-pudo-haber-fichado-real-madrid\/2017\/06","title":{"rendered":"Alexandre Pato confes\u00f3 que pudo haber fichado por el Real Madrid"},"content":{"rendered":"<p>El delantero brasile\u00f1o<strong> Alexandre Pato<\/strong>, actualmente en el <em>Tianjin Quanjian<\/em> de la Superliga china, ha asegurado que tuvo &#8220;la posibilidad de ir al<strong> Real Madrid<\/strong> con 17 a\u00f1os&#8221;, pero en ese momento prefiri\u00f3 fichar por el Milan.<\/p>\n<p><strong>Pato<\/strong>, al que actualmente entrena el exmadridista Fabio Cannavaro, dijo que el italiano es &#8220;como un hermano mayor&#8221; para \u00e9l y le agradeci\u00f3 por elegirle como delantero del Tianjin, en una entrevista difundida hoy por <em>La Gazzetta dello Sport<\/em>.<\/p>\n<p style=\"text-align: center;\"><span style=\"color: #3366ff;\"><a style=\"color: #3366ff;\" href=\"https:\/\/www.futboltotal.com.mx\/2017\/06\/christian-cueva-ultimo-refuerzo-cruz-azul\/\">VER M\u00c1S: Christian Cueva ser\u00eda el \u00faltimo refuerzo de Cruz Azul<\/a><\/span><\/p>\n<blockquote><p>&#8220;Tuve la posibilidad de ir al <strong>Real Madrid<\/strong> con 17 a\u00f1os, pero eleg\u00ed el Milan, que en ese momento era el equipo m\u00e1s seguido y m\u00e1s ganador. Ahora es distinto, es otro Milan&#8221;, afirm\u00f3 Pato, que fich\u00f3 por el equipo italiano en 2007 procedente del Internacional de Porto Alegre.<\/p><\/blockquote>\n<p>El brasile\u00f1o mostr\u00f3 su estima por dos exintegrantes del <strong>Real Madrid<\/strong>, el t\u00e9cnico Carlo Ancelotti y Cannavaro.<\/p>\n<p>&#8220;Ancelotti fue mi mentor. Cannavaro tiene unas ideas t\u00e1cticas parecidas, es como un hermano mayor. (&#8230;) Ser entrenado por un s\u00edmbolo del f\u00fatbol es un est\u00edmulo. Pod\u00eda fichar a muchos jugadores, pero me eligi\u00f3 a m\u00ed y eso me enorgullece&#8221;, afirm\u00f3.<\/p>\n<p>Pato habl\u00f3 adem\u00e1s del posible<span style=\"color: #3366ff;\"><a style=\"color: #3366ff;\" href=\"https:\/\/www.futboltotal.com.mx\/2017\/06\/real-madrid-tendria-apalabrados-a-mbappe-y-donnarumma\/\" target=\"_blank\" rel=\"noopener noreferrer\"> inter\u00e9s del Madrid en el portero del Milan Gianluigi Donnarumma<\/a><\/span> y consider\u00f3 que el guardameta tiene el talento suficiente para estar en un equipo de alto nivel.<\/p>\n<p style=\"text-align: center;\"><span style=\"color: #3366ff;\"><a style=\"color: #3366ff;\" href=\"https:\/\/www.futboltotal.com.mx\/2017\/06\/chicharito-no-entreno-al-parejo-con-el-tri-nueva-baja\/\">VER M\u00c1S: Chicharito no entren\u00f3 al parejo con el TRI\u2026\u00bfNueva baja?<\/a><\/span><\/p>\n<p>&#8220;Solo tiene 18 a\u00f1os, pero es un gran talento y le sigue un agente inteligente. Si no renueva tendr\u00e1 sus razones, hace lo que siente. (&#8230;) Carlo Ancelotti me dec\u00eda que los buenos jugadores tiene que jugar con los buenos&#8221;, opin\u00f3.<\/p>\n<p>&#8220;Quien es bueno juega, m\u00e1s all\u00e1 de su edad. Yo, con 17 a\u00f1os, jugaba con (el holand\u00e9s Clarence) Seedorf, (Andrea) Pirlo, (Paolo) Maldini, (el brasile\u00f1o Ricardo) Kak\u00e1 y muchos m\u00e1s&#8221;, agreg\u00f3.<\/p>\n","protected":false},"excerpt":{"rendered":"<p>Pato  asegur\u00f3 que prefiri\u00f3 al Mil\u00e1n por ser ganador.<\/p>\n","protected":false},"author":144,"featured_media":413313,"comment_status":"closed","ping_status":"closed","sticky":false,"template":"","format":"standard","meta":[],"categories":[3839],"tags":[2298,6214,5988],"_links":{"self":[{"href":"http:\/\/desarrollo.grupomedios.com\/futbol\/wp-json\/wp\/v2\/posts\/485315"}],"collection":[{"href":"http:\/\/desarrollo.grupomedios.com\/futbol\/wp-json\/wp\/v2\/posts"}],"about":[{"href":"http:\/\/desarrollo.grupomedios.com\/futbol\/wp-json\/wp\/v2\/types\/post"}],"author":[{"embeddable":true,"href":"http:\/\/desarrollo.grupomedios.com\/futbol\/wp-json\/wp\/v2\/users\/144"}],"replies":[{"embeddable":true,"href":"http:\/\/desarrollo.grupomedios.com\/futbol\/wp-json\/wp\/v2\/comments?post=485315"}],"version-history":[{"count":1,"href":"http:\/\/desarrollo.grupomedios.com\/futbol\/wp-json\/wp\/v2\/posts\/485315\/revisions"}],"predecessor-version":[{"id":485316,"href":"http:\/\/desarrollo.grupomedios.com\/futbol\/wp-json\/wp\/v2\/posts\/485315\/revisions\/485316"}],"wp:featuredmedia":[{"embeddable":true,"href":"http:\/\/desarrollo.grupomedios.com\/futbol\/wp-json\/wp\/v2\/media\/413313"}],"wp:attachment":[{"href":"http:\/\/desarrollo.grupomedios.com\/futbol\/wp-json\/wp\/v2\/media?parent=485315"}],"wp:term":[{"taxonomy":"category","embeddable":true,"href":"http:\/\/desarrollo.grupomedios.com\/futbol\/wp-json\/wp\/v2\/categories?post=485315"},{"taxonomy":"post_tag","embeddable":true,"href":"http:\/\/desarrollo.grupomedios.com\/futbol\/wp-json\/wp\/v2\/tags?post=485315"}],"curies":[{"name":"wp","href":"https:\/\/api.w.org\/{rel}","templated":true}]}}