{"id":485317,"date":"2017-06-26T12:18:49","date_gmt":"2017-06-26T17:18:49","guid":{"rendered":"https:\/\/www.futboltotal.com.mx\/?p=485317"},"modified":"2017-06-26T12:18:49","modified_gmt":"2017-06-26T17:18:49","slug":"creen-terco-seguir-mis-principios-lo-juan-carlos-osorio","status":"publish","type":"post","link":"http:\/\/desarrollo.grupomedios.com\/futbol\/destacado-home\/creen-terco-seguir-mis-principios-lo-juan-carlos-osorio\/2017\/06","title":{"rendered":"Si creen que soy terco por seguir mis principios, lo soy: Juan Carlos Osorio"},"content":{"rendered":"<p><strong>Juan Carlos Osorio<\/strong> ha sido duramente criticado por las rotaciones y cambios que ha hecho en la Selecci\u00f3n Mexicana pese a los buenos resultados obtenidos.<\/p>\n<p>Los medios y la afici\u00f3n lo han llamado &#8220;terco&#8221; por hacer sus &#8220;experimentos&#8221; pero al t\u00e9cnico colombiano parece no importarle y acepta que le digan as\u00ed si lo llega a definir como alguien que no cede sus principios.<\/p>\n<p style=\"text-align: center;\"><span style=\"color: #3366ff;\"><a style=\"color: #3366ff;\" href=\"https:\/\/www.futboltotal.com.mx\/2017\/06\/christian-cueva-ultimo-refuerzo-cruz-azul\/\">VER M\u00c1S: Christian Cueva ser\u00eda el \u00faltimo refuerzo de Cruz Azul<\/a><\/span><\/p>\n<blockquote><p>\u201cNo s\u00e9 si la palabra apropiada sea terco, pero s\u00ed seguir confiando y creer firmemente en que la raz\u00f3n fundamental por la que vinimos ac\u00e1 es la identificaci\u00f3n mutua que existe con la forma de sentir del futbolista mexicano. Siempre ir al frente, buscar los resultados, ser valientes tratando de competir de igual a igual con cualquiera. Si esa es la palabra que identifica el insistir y nunca desistir de esos principios, eso es exactamente lo que estamos haciendo\u201c, coment\u00f3 el entrenador de la <strong>Selecci\u00f3n Mexicana.<\/strong><\/p><\/blockquote>\n<p>Respecto al partido en donde el Tricolor enfrentar\u00e1 a Alemania en las Semifinales de la <strong>Copa Confederaciones<\/strong>, el t\u00e9cnico colombiano resalt\u00f3 las caracter\u00edsticas que definen a su equipo y con las que intentar\u00e1n triunfar.<\/p>\n<p style=\"text-align: center;\"><span style=\"color: #3366ff;\"><a style=\"color: #3366ff;\" href=\"https:\/\/www.futboltotal.com.mx\/2017\/06\/definidas-las-semifinales-la-copa-confederaciones\/\">VER M\u00c1S: \u00a1Definidas las Semifinales de la Copa Confederaciones!<\/a><\/span><\/p>\n<blockquote><p>\u201cUno, la resiliencia que muestra el equipo, es decir, la capacidad de revertir y ante la adversidad ser capaces de competir y al final ganar partidos muy dif\u00edciles. Dos, el respeto que existe de jugadores y cuerpo t\u00e9cnico por cada rival porque la planificaci\u00f3n y preparaci\u00f3n es al detalle independientemente de qui\u00e9n sea el rival.<\/p>\n<p>\u201cFinalmente, la confianza que existe entre jugadores es rec\u00edproca y mutua, todos ellos saben que entendiendo que para cada uno de ellos hay razones personales por las que debe jugar, cuando juegan est\u00e1n decididos a dar el 100 por ciento y cuando no juegan, hacen tambi\u00e9n ese 100 por ciento apoyando a los compa\u00f1eros\u201d, mencion\u00f3<strong> Osorio<\/strong>.<\/p><\/blockquote>\n","protected":false},"excerpt":{"rendered":"<p>El t\u00e9cnico defni\u00f3 su estilo pese a las cr\u00edticas.<\/p>\n","protected":false},"author":20,"featured_media":484151,"comment_status":"closed","ping_status":"closed","sticky":false,"template":"","format":"standard","meta":[],"categories":[5,2198],"tags":[6196],"_links":{"self":[{"href":"http:\/\/desarrollo.grupomedios.com\/futbol\/wp-json\/wp\/v2\/posts\/485317"}],"collection":[{"href":"http:\/\/desarrollo.grupomedios.com\/futbol\/wp-json\/wp\/v2\/posts"}],"about":[{"href":"http:\/\/desarrollo.grupomedios.com\/futbol\/wp-json\/wp\/v2\/types\/post"}],"author":[{"embeddable":true,"href":"http:\/\/desarrollo.grupomedios.com\/futbol\/wp-json\/wp\/v2\/users\/20"}],"replies":[{"embeddable":true,"href":"http:\/\/desarrollo.grupomedios.com\/futbol\/wp-json\/wp\/v2\/comments?post=485317"}],"version-history":[{"count":1,"href":"http:\/\/desarrollo.grupomedios.com\/futbol\/wp-json\/wp\/v2\/posts\/485317\/revisions"}],"predecessor-version":[{"id":485318,"href":"http:\/\/desarrollo.grupomedios.com\/futbol\/wp-json\/wp\/v2\/posts\/485317\/revisions\/485318"}],"wp:featuredmedia":[{"embeddable":true,"href":"http:\/\/desarrollo.grupomedios.com\/futbol\/wp-json\/wp\/v2\/media\/484151"}],"wp:attachment":[{"href":"http:\/\/desarrollo.grupomedios.com\/futbol\/wp-json\/wp\/v2\/media?parent=485317"}],"wp:term":[{"taxonomy":"category","embeddable":true,"href":"http:\/\/desarrollo.grupomedios.com\/futbol\/wp-json\/wp\/v2\/categories?post=485317"},{"taxonomy":"post_tag","embeddable":true,"href":"http:\/\/desarrollo.grupomedios.com\/futbol\/wp-json\/wp\/v2\/tags?post=485317"}],"curies":[{"name":"wp","href":"https:\/\/api.w.org\/{rel}","templated":true}]}}