{"id":485352,"date":"2017-06-26T13:52:11","date_gmt":"2017-06-26T18:52:11","guid":{"rendered":"https:\/\/www.futboltotal.com.mx\/?p=485352"},"modified":"2017-06-26T13:58:11","modified_gmt":"2017-06-26T18:58:11","slug":"fan-mexicano-engano-a-esposa-escapar-a-rusia-tri","status":"publish","type":"post","link":"http:\/\/desarrollo.grupomedios.com\/futbol\/futbol-mexicano\/fan-mexicano-engano-a-esposa-escapar-a-rusia-tri\/2017\/06","title":{"rendered":"Fan mexicano enga\u00f1\u00f3 a su esposa para escapar a Rusia con el Tri"},"content":{"rendered":"<p>Entre las tantas historias curiosas que surgen alrededor del futbol, m\u00e1s a\u00fan durante torneos importantes, se ha dado a conocer la de un fan\u00e1tico mexicano que comprob\u00f3 que har\u00eda lo que fuera para apoyar a la <strong>Selecci\u00f3n Mexicana<\/strong>, incluso escaparse de su propia esposa para acompa\u00f1ar al <em><strong>Tri<\/strong><\/em> durante la <strong>Copa Confederaciones<\/strong>.<\/p>\n<p>Este es el caso de <strong>Arturo Garc\u00eda<\/strong>, quien hizo uso de una de las bromas m\u00e1s mencionadas entre los mexicanos para escaparse: decirle a su esposa que iba a comprar cigarros.<\/p>\n<p>Garc\u00eda, oriundo de Monterrey pero que radica en Puebla, originalmente dijo que &#8220;le dije a mi mujer: voy por unos cigarros al Oxxo, pero no le dije a cu\u00e1l&#8221;, historia que se hizo viral en redes sociales.<\/p>\n<p style=\"text-align: center;\"><a href=\"https:\/\/www.futboltotal.com.mx\/2017\/06\/cruz-azul-oficial-fichaje-del-chileno-felipe-mora\/\" target=\"_blank\" rel=\"noopener noreferrer\"><span style=\"color: #333399;\">VER M\u00c1S: Cruz Azul hace oficial el fichaje de Felipe Mora<\/span><\/a><\/p>\n<p>Con sus ahorros, viaj\u00f3 a <strong>Monterrey<\/strong> para despu\u00e9s hacer escala en <strong>Alemania<\/strong> y finalmente llegar a territorio ruso para apoyar al <em><strong>Tri<\/strong><\/em> en la <strong>Copa Confederaciones<\/strong>.<\/p>\n<p>Sin embargo, el seguidor mexicano sufri\u00f3 un accidente en el que se lesion\u00f3 el tal\u00f3n de Aquiles, por lo que ha tenido que acompa\u00f1ar a la <strong>Selecci\u00f3n Mexicana<\/strong> en muletas.<\/p>\n<p>M\u00e1s adelante, Garc\u00eda confes\u00f3 que s\u00ed le hab\u00eda avisado a su esposa, aunque algunos usuarios no le creyeron la segunda versi\u00f3n de su historia.<\/p>\n<p style=\"text-align: center;\"><a href=\"https:\/\/www.futboltotal.com.mx\/2017\/06\/gullit-pena-eduardo-herrera-ya-sus-dorsales-en-rangers\/\" target=\"_blank\" rel=\"noopener noreferrer\"><span style=\"color: #333399;\">VER M\u00c1S: Gullit Pe\u00f1a y Eduardo Herrera ya tienen sus n\u00fameros en el Rangers<\/span><\/a><\/p>\n","protected":false},"excerpt":{"rendered":"<p>Un mexicano se ha hecho viral por la forma en que acompa\u00f1\u00f3 al Tri a Rusia.<\/p>\n","protected":false},"author":20,"featured_media":485356,"comment_status":"closed","ping_status":"closed","sticky":false,"template":"","format":"standard","meta":[],"categories":[5419,3868,3839,2198,3847],"tags":[6260,8853],"_links":{"self":[{"href":"http:\/\/desarrollo.grupomedios.com\/futbol\/wp-json\/wp\/v2\/posts\/485352"}],"collection":[{"href":"http:\/\/desarrollo.grupomedios.com\/futbol\/wp-json\/wp\/v2\/posts"}],"about":[{"href":"http:\/\/desarrollo.grupomedios.com\/futbol\/wp-json\/wp\/v2\/types\/post"}],"author":[{"embeddable":true,"href":"http:\/\/desarrollo.grupomedios.com\/futbol\/wp-json\/wp\/v2\/users\/20"}],"replies":[{"embeddable":true,"href":"http:\/\/desarrollo.grupomedios.com\/futbol\/wp-json\/wp\/v2\/comments?post=485352"}],"version-history":[{"count":1,"href":"http:\/\/desarrollo.grupomedios.com\/futbol\/wp-json\/wp\/v2\/posts\/485352\/revisions"}],"predecessor-version":[{"id":485359,"href":"http:\/\/desarrollo.grupomedios.com\/futbol\/wp-json\/wp\/v2\/posts\/485352\/revisions\/485359"}],"wp:featuredmedia":[{"embeddable":true,"href":"http:\/\/desarrollo.grupomedios.com\/futbol\/wp-json\/wp\/v2\/media\/485356"}],"wp:attachment":[{"href":"http:\/\/desarrollo.grupomedios.com\/futbol\/wp-json\/wp\/v2\/media?parent=485352"}],"wp:term":[{"taxonomy":"category","embeddable":true,"href":"http:\/\/desarrollo.grupomedios.com\/futbol\/wp-json\/wp\/v2\/categories?post=485352"},{"taxonomy":"post_tag","embeddable":true,"href":"http:\/\/desarrollo.grupomedios.com\/futbol\/wp-json\/wp\/v2\/tags?post=485352"}],"curies":[{"name":"wp","href":"https:\/\/api.w.org\/{rel}","templated":true}]}}