{"id":485354,"date":"2017-06-26T13:52:18","date_gmt":"2017-06-26T18:52:18","guid":{"rendered":"https:\/\/www.futboltotal.com.mx\/?p=485354"},"modified":"2017-06-26T13:52:18","modified_gmt":"2017-06-26T18:52:18","slug":"benfica-celebra-20-anos-harry-potter-gol-raul-jimenez","status":"publish","type":"post","link":"http:\/\/desarrollo.grupomedios.com\/futbol\/futbol-mexicano\/benfica-celebra-20-anos-harry-potter-gol-raul-jimenez\/2017\/06","title":{"rendered":"Benfica celebra 20 a\u00f1os de Harry Potter con un gol de Ra\u00fal Jim\u00e9nez"},"content":{"rendered":"<p>En honor a la celebraci\u00f3n de los 20 a\u00f1os de la publicaci\u00f3n del primer libro de la exitosa saga de Harry Potter, el Benfica aprovech\u00f3 para rendir homenaje e hizo referencia a un gol del delantero mexicano <strong>Ra\u00fal Jim\u00e9nez<\/strong>.<\/p>\n<p><em>Las \u00c1guilas<\/em> eligieron el gol debido a que consideran que<strong> Jim\u00e9nez<\/strong> hizo &#8220;magia&#8221; con la anotaci\u00f3n del pasado 13 de mayo ante el Vit\u00f3ria Guimaraes, donde se coronaron campeones.<\/p>\n<p style=\"text-align: center;\"><span style=\"color: #3366ff;\"><a style=\"color: #3366ff;\" href=\"https:\/\/www.futboltotal.com.mx\/2017\/06\/christian-cueva-ultimo-refuerzo-cruz-azul\/\">VER M\u00c1S: Christian Cueva ser\u00eda el \u00faltimo refuerzo de Cruz Azul<\/a><\/span><\/p>\n<p>El mexicano recibi\u00f3 un pase largo del arquero Ederson en un saque de puerta, el delantero tuvo una gran recepci\u00f3n y bombe\u00f3 al portero rival, Douglas y antes de que se escapara el bal\u00f3n, remat\u00f3 de cabeza para marcar el segundo gol del partido.<\/p>\n<p>Harry Potter fue un rotundo \u00e9xito con las siete novelas de J.K. Rowling, autora de los libros, como tambi\u00e9n en la pantalla grande con 8 pel\u00edculas, la \u00faltima en 2011.<\/p>\n<p style=\"text-align: center;\"><span style=\"color: #3366ff;\"><a style=\"color: #3366ff;\" href=\"https:\/\/www.futboltotal.com.mx\/2017\/06\/hermano-julio-cesar-chavez-fue-asaltado-asesinado\/\">VER M\u00c1S: Hermano de Julio C\u00e9sar Ch\u00e1vez fue asaltado y asesinado<\/a><\/span><\/p>\n<blockquote class=\"twitter-tweet\" data-width=\"500\">\n<p lang=\"en\" dir=\"ltr\">In honour of <a href=\"https:\/\/twitter.com\/hashtag\/HarryPotter20?src=hash\">#HarryPotter20<\/a>, here&#39;s some magic from last season. What house would <a href=\"https:\/\/twitter.com\/Raul_Jimenez9\">@Raul_Jimenez9<\/a> be in, <a href=\"https:\/\/twitter.com\/jk_rowling\">@jk_rowling<\/a>? <a href=\"https:\/\/t.co\/ErWpXhiHak\">pic.twitter.com\/ErWpXhiHak<\/a><\/p>\n<p>&mdash; SL Benfica EN (@slbenfica_en) <a href=\"https:\/\/twitter.com\/slbenfica_en\/status\/879303691869835264\">June 26, 2017<\/a><\/p><\/blockquote>\n<p><script async src=\"\/\/platform.twitter.com\/widgets.js\" charset=\"utf-8\"><\/script><\/p>\n","protected":false},"excerpt":{"rendered":"<p>Benfica consider\u00f3 que el mexicano &#8220;hizo magia&#8221;.<\/p>\n","protected":false},"author":20,"featured_media":477882,"comment_status":"closed","ping_status":"closed","sticky":false,"template":"","format":"standard","meta":[],"categories":[3839,2198],"tags":[6060,742],"_links":{"self":[{"href":"http:\/\/desarrollo.grupomedios.com\/futbol\/wp-json\/wp\/v2\/posts\/485354"}],"collection":[{"href":"http:\/\/desarrollo.grupomedios.com\/futbol\/wp-json\/wp\/v2\/posts"}],"about":[{"href":"http:\/\/desarrollo.grupomedios.com\/futbol\/wp-json\/wp\/v2\/types\/post"}],"author":[{"embeddable":true,"href":"http:\/\/desarrollo.grupomedios.com\/futbol\/wp-json\/wp\/v2\/users\/20"}],"replies":[{"embeddable":true,"href":"http:\/\/desarrollo.grupomedios.com\/futbol\/wp-json\/wp\/v2\/comments?post=485354"}],"version-history":[{"count":1,"href":"http:\/\/desarrollo.grupomedios.com\/futbol\/wp-json\/wp\/v2\/posts\/485354\/revisions"}],"predecessor-version":[{"id":485360,"href":"http:\/\/desarrollo.grupomedios.com\/futbol\/wp-json\/wp\/v2\/posts\/485354\/revisions\/485360"}],"wp:featuredmedia":[{"embeddable":true,"href":"http:\/\/desarrollo.grupomedios.com\/futbol\/wp-json\/wp\/v2\/media\/477882"}],"wp:attachment":[{"href":"http:\/\/desarrollo.grupomedios.com\/futbol\/wp-json\/wp\/v2\/media?parent=485354"}],"wp:term":[{"taxonomy":"category","embeddable":true,"href":"http:\/\/desarrollo.grupomedios.com\/futbol\/wp-json\/wp\/v2\/categories?post=485354"},{"taxonomy":"post_tag","embeddable":true,"href":"http:\/\/desarrollo.grupomedios.com\/futbol\/wp-json\/wp\/v2\/tags?post=485354"}],"curies":[{"name":"wp","href":"https:\/\/api.w.org\/{rel}","templated":true}]}}