{"id":485366,"date":"2017-06-26T14:39:42","date_gmt":"2017-06-26T19:39:42","guid":{"rendered":"https:\/\/www.futboltotal.com.mx\/?p=485366"},"modified":"2017-06-26T14:39:42","modified_gmt":"2017-06-26T19:39:42","slug":"real-madrid-ficharia-a-delantero-surgido-del-barcelona","status":"publish","type":"post","link":"http:\/\/desarrollo.grupomedios.com\/futbol\/futbol-internacional\/real-madrid-ficharia-a-delantero-surgido-del-barcelona\/2017\/06","title":{"rendered":"\u00a1El Real Madrid fichar\u00eda a delantero surgido del Barcelona!"},"content":{"rendered":"<p>Los medios espa\u00f1oles aseguran que el <strong>Real Madrid<\/strong> tiene en la mira a un delantero surgido del <strong>Barcelona<\/strong> para\u00a0ficharlo en este mercado de verano y ser el sustituto de <strong>\u00c1lvaro Morata<\/strong>.<\/p>\n<p>Se trata del atacante <strong>Sandro Ram\u00edrez<\/strong>, actualmente en el <strong>M\u00e1laga<\/strong> y seguido por los madridistas para sumarse a su plantilla, tal y como apunta el diario Marca.<\/p>\n<p style=\"text-align: center;\"><a href=\"https:\/\/www.futboltotal.com.mx\/2017\/06\/cruz-azul-oficial-fichaje-del-chileno-felipe-mora\/\" target=\"_blank\" rel=\"noopener noreferrer\"><span style=\"color: #333399;\">VER M\u00c1S: Cruz Azul hizo oficial el fichaje del chileno Felipe Mora<\/span><\/a><\/p>\n<p>Sandro fue parte del <strong>Barcelona<\/strong> hasta el verano de <strong>2016<\/strong>, cuando el club catal\u00e1n le dio su carta de libertad para que el atacante llegara al M\u00e1laga, ya que no contar\u00eda con\u00a0oportunidades con los <strong><em>blaugranas<\/em><\/strong> teniendo en frente al tridente formado por <strong>Lionel Messi, Luis Su\u00e1rez<\/strong> y <strong>Neymar<\/strong>, adem\u00e1s de otros nombres como <strong>Paco<\/strong> <strong>Alc\u00e1cer<\/strong>.<\/p>\n<p>En su primer\u00a0a\u00f1o complet\u00f3 una campa\u00f1a destacada con 14 goles en 30 partidos, incluyendo una anotaci\u00f3n en la sorpresiva victoria malague\u00f1a sobre el <strong>Barcelona<\/strong> de 2-0.<\/p>\n<p>El <strong>Madrid<\/strong> necesitar\u00e1 un delantero con el perfil de <strong>Sandro<\/strong> en caso de que <strong>Morata<\/strong> parta al <strong>Manchester<\/strong> <strong>United<\/strong>, adem\u00e1s de que, de acuerdo a la directiva madridista, ser\u00eda un buen negocio.<\/p>\n<p style=\"text-align: center;\"><a href=\"https:\/\/www.futboltotal.com.mx\/2017\/06\/fan-mexicano-engano-a-esposa-escapar-a-rusia-tri\/\" target=\"_blank\" rel=\"noopener noreferrer\"><span style=\"color: #333399;\">VER M\u00c1S: Fan del Tri escap\u00f3 de su esposa para viajar a Rusia<\/span><\/a><\/p>\n","protected":false},"excerpt":{"rendered":"<p>Aseguran que el Real Madrid tiene en la mira a un delantero surgido del eterno rival.<\/p>\n","protected":false},"author":20,"featured_media":409091,"comment_status":"closed","ping_status":"closed","sticky":false,"template":"","format":"standard","meta":[],"categories":[7740,3839,3844],"tags":[5984,5988,9149],"_links":{"self":[{"href":"http:\/\/desarrollo.grupomedios.com\/futbol\/wp-json\/wp\/v2\/posts\/485366"}],"collection":[{"href":"http:\/\/desarrollo.grupomedios.com\/futbol\/wp-json\/wp\/v2\/posts"}],"about":[{"href":"http:\/\/desarrollo.grupomedios.com\/futbol\/wp-json\/wp\/v2\/types\/post"}],"author":[{"embeddable":true,"href":"http:\/\/desarrollo.grupomedios.com\/futbol\/wp-json\/wp\/v2\/users\/20"}],"replies":[{"embeddable":true,"href":"http:\/\/desarrollo.grupomedios.com\/futbol\/wp-json\/wp\/v2\/comments?post=485366"}],"version-history":[{"count":1,"href":"http:\/\/desarrollo.grupomedios.com\/futbol\/wp-json\/wp\/v2\/posts\/485366\/revisions"}],"predecessor-version":[{"id":485368,"href":"http:\/\/desarrollo.grupomedios.com\/futbol\/wp-json\/wp\/v2\/posts\/485366\/revisions\/485368"}],"wp:featuredmedia":[{"embeddable":true,"href":"http:\/\/desarrollo.grupomedios.com\/futbol\/wp-json\/wp\/v2\/media\/409091"}],"wp:attachment":[{"href":"http:\/\/desarrollo.grupomedios.com\/futbol\/wp-json\/wp\/v2\/media?parent=485366"}],"wp:term":[{"taxonomy":"category","embeddable":true,"href":"http:\/\/desarrollo.grupomedios.com\/futbol\/wp-json\/wp\/v2\/categories?post=485366"},{"taxonomy":"post_tag","embeddable":true,"href":"http:\/\/desarrollo.grupomedios.com\/futbol\/wp-json\/wp\/v2\/tags?post=485366"}],"curies":[{"name":"wp","href":"https:\/\/api.w.org\/{rel}","templated":true}]}}