{"id":485367,"date":"2017-06-26T14:45:43","date_gmt":"2017-06-26T19:45:43","guid":{"rendered":"https:\/\/www.futboltotal.com.mx\/?p=485367"},"modified":"2017-06-26T14:45:43","modified_gmt":"2017-06-26T19:45:43","slug":"tottenham-tasa-en-una-fortuna-a-harry-kane","status":"publish","type":"post","link":"http:\/\/desarrollo.grupomedios.com\/futbol\/futbol-internacional\/tottenham-tasa-en-una-fortuna-a-harry-kane\/2017\/06","title":{"rendered":"Tottenham tasa en una millonada a Harry Kane"},"content":{"rendered":"<p>Despu\u00e9s de convertirse en el m\u00e1ximo goleador de la<strong> Premier League<\/strong> con 39 tantos en 41 encuentros, <a href=\"https:\/\/www.futboltotal.com.mx\/2017\/04\/tottenham-jugara-la-proxima-temporada-en-wembley\/\" target=\"_blank\" rel=\"noopener noreferrer\"><span style=\"color: #333399;\"><strong>Tottenham<\/strong><\/span><\/a> tas\u00f3 a <a href=\"https:\/\/www.futboltotal.com.mx\/2016\/12\/harry-kane-quiere-cambiar-deporte-tras-fallar-penal\/\" target=\"_blank\" rel=\"noopener noreferrer\"><span style=\"color: #333399;\"><strong>Harry Kane<\/strong><\/span><\/a> en 227 millones de euros, as\u00ed lo dio a conocer el diario ingl\u00e9s Independent.<\/p>\n<p>De acuerdo con el medio brit\u00e1nico, <strong>Daniel Levy<\/strong>, presidente de los <em>Spurs<\/em>, ha valorado al atacante de 23 a\u00f1os en 200 millones de libras esterlinas, algo as\u00ed como 227 millones de euros, luego de que se diera a conocer el inter\u00e9s de <a href=\"https:\/\/www.futboltotal.com.mx\/2017\/06\/desmienten-fraude-fiscal-jose-mourinho\/\" target=\"_blank\" rel=\"noopener noreferrer\"><span style=\"color: #333399;\"><strong>Jos\u00e9 Mourinho<\/strong><\/span><\/a> por incorporarlo a las filas del <strong>Manchester United.\u00a0<\/strong>Ser\u00eda m\u00e1s caro que <strong>Paul Pogba<\/strong> y <strong>Gareth Bale<\/strong> juntos.<\/p>\n<p style=\"text-align: center;\"><a href=\"https:\/\/www.futboltotal.com.mx\/2017\/06\/ponen-en-venta-a-la-fiorentina-por-criticas-aficion\/\" target=\"_blank\" rel=\"noopener noreferrer\"><span style=\"color: #333399;\">VER M\u00c1S:\u00a0Ponen en venta a la Fiorentina por cr\u00edticas de su afici\u00f3n<\/span><\/a><\/p>\n<p>Los <em>Red Devils<\/em> son los m\u00e1ximos interesados en el atacante ingl\u00e9s tras descartar el arribo de <a href=\"https:\/\/www.futboltotal.com.mx\/2017\/06\/mourinho-le-cierra-las-puertas-del-united-a-cristiano-ronaldo\/\" target=\"_blank\" rel=\"noopener noreferrer\"><span style=\"color: #333399;\"><strong>Cristiano Ronaldo<\/strong><\/span><\/a>, los de <strong>Old Trafford<\/strong> se encuentran en busca de un centro delantero y entre sus opciones est\u00e1n el jugador del <strong>Tottenham<\/strong> y el ariete del<a href=\"https:\/\/www.futboltotal.com.mx\/2017\/06\/alexandre-pato-confeso-pudo-haber-fichado-real-madrid\/\" target=\"_blank\" rel=\"noopener noreferrer\"><span style=\"color: #333399;\"><strong> Real Madrid<\/strong><\/span><\/a>, <a href=\"https:\/\/www.futboltotal.com.mx\/2017\/06\/alvaro-morata-se-casa-en-venecia\/\" target=\"_blank\" rel=\"noopener noreferrer\"><span style=\"color: #333399;\"><strong>\u00c1lvaro Morata.<\/strong><\/span><\/a><\/p>\n<p><strong>Daniel Levy<\/strong> es un mand\u00f3n para los negocios en el futbol, s\u00f3lo basta recordar que fue el responsable del millonario traspaso del gal\u00e9s, <strong>Gareth Bale<\/strong>, a los <em>Merengues<\/em>\u00a0por 100 millones de euros.<\/p>\n<p style=\"text-align: center;\"><a href=\"https:\/\/www.futboltotal.com.mx\/2017\/06\/espanyol-negocia-con-porto-fichaje-de-diego-reyes\/\" target=\"_blank\" rel=\"noopener noreferrer\"><span style=\"color: #333399;\">VER M\u00c1S:\u00a0Espanyol pide al Porto bajar el precio de Diego Reyes<\/span><\/a><\/p>\n","protected":false},"excerpt":{"rendered":"<p>Harry Kane vale lo mismo que Pogba y Bale juntos.<\/p>\n","protected":false},"author":20,"featured_media":485369,"comment_status":"closed","ping_status":"closed","sticky":false,"template":"","format":"standard","meta":[],"categories":[3839],"tags":[3001,6013,9150,6043,5925,288,43,6104,334,5988,7017],"_links":{"self":[{"href":"http:\/\/desarrollo.grupomedios.com\/futbol\/wp-json\/wp\/v2\/posts\/485367"}],"collection":[{"href":"http:\/\/desarrollo.grupomedios.com\/futbol\/wp-json\/wp\/v2\/posts"}],"about":[{"href":"http:\/\/desarrollo.grupomedios.com\/futbol\/wp-json\/wp\/v2\/types\/post"}],"author":[{"embeddable":true,"href":"http:\/\/desarrollo.grupomedios.com\/futbol\/wp-json\/wp\/v2\/users\/20"}],"replies":[{"embeddable":true,"href":"http:\/\/desarrollo.grupomedios.com\/futbol\/wp-json\/wp\/v2\/comments?post=485367"}],"version-history":[{"count":1,"href":"http:\/\/desarrollo.grupomedios.com\/futbol\/wp-json\/wp\/v2\/posts\/485367\/revisions"}],"predecessor-version":[{"id":485370,"href":"http:\/\/desarrollo.grupomedios.com\/futbol\/wp-json\/wp\/v2\/posts\/485367\/revisions\/485370"}],"wp:featuredmedia":[{"embeddable":true,"href":"http:\/\/desarrollo.grupomedios.com\/futbol\/wp-json\/wp\/v2\/media\/485369"}],"wp:attachment":[{"href":"http:\/\/desarrollo.grupomedios.com\/futbol\/wp-json\/wp\/v2\/media?parent=485367"}],"wp:term":[{"taxonomy":"category","embeddable":true,"href":"http:\/\/desarrollo.grupomedios.com\/futbol\/wp-json\/wp\/v2\/categories?post=485367"},{"taxonomy":"post_tag","embeddable":true,"href":"http:\/\/desarrollo.grupomedios.com\/futbol\/wp-json\/wp\/v2\/tags?post=485367"}],"curies":[{"name":"wp","href":"https:\/\/api.w.org\/{rel}","templated":true}]}}