{"id":485391,"date":"2017-06-26T16:45:52","date_gmt":"2017-06-26T21:45:52","guid":{"rendered":"https:\/\/www.futboltotal.com.mx\/?p=485391"},"modified":"2017-06-26T16:45:52","modified_gmt":"2017-06-26T21:45:52","slug":"florentino-contacto-a-familia-mbappe-convencerlo-fichar-madrid","status":"publish","type":"post","link":"http:\/\/desarrollo.grupomedios.com\/futbol\/futbol-internacional\/florentino-contacto-a-familia-mbappe-convencerlo-fichar-madrid\/2017\/06","title":{"rendered":"Florentino contact\u00f3 a la familia de Mbapp\u00e9 para convencerlo de fichar con el Madrid"},"content":{"rendered":"<p>El presidente del <a href=\"https:\/\/www.futboltotal.com.mx\/2017\/06\/real-madrid-ficharia-a-delantero-surgido-del-barcelona\/\" target=\"_blank\" rel=\"noopener noreferrer\"><span style=\"color: #333399;\"><strong>Real Madrid<\/strong><\/span><\/a>, <a href=\"https:\/\/www.futboltotal.com.mx\/2017\/06\/florentino-perez-asegura-le-hubiera-gustado-tener-a-messi-en-real-madrid\/\" target=\"_blank\" rel=\"noopener noreferrer\"><span style=\"color: #333399;\"><strong>Florentino P\u00e9rez<\/strong><\/span><\/a>, habr\u00eda dado un gran paso dentro de la negociaci\u00f3n por el atacante franc\u00e9s. <a href=\"https:\/\/www.futboltotal.com.mx\/2017\/06\/monaco-le-pagaria-una-millonada-a-mbappe-si-se-queda\/\" target=\"_blank\" rel=\"noopener noreferrer\"><span style=\"color: #333399;\"><strong>Kylian Mbapp\u00e9.<\/strong><\/span><\/a><\/p>\n<p style=\"text-align: center;\"><a href=\"https:\/\/www.futboltotal.com.mx\/2017\/06\/moi-munoz-dona-80-mil-a-orozco\/\" target=\"_blank\" rel=\"noopener noreferrer\"><span style=\"color: #333399;\">VER M\u00c1S:\u00a0\u2018Moi\u2019 Mu\u00f1oz suma 80 mil pesos a beneficio de Orozco<\/span><\/a><\/p>\n<p>De acuerdo con Teleffot, <strong>P\u00e9rez<\/strong> sostuvo un encuentro con la familia del jugador galo durante el encuentro amistoso disputado el pasado 13 de junio entre <strong>Francia<\/strong> e <strong>Inglaterra<\/strong>, donde les dej\u00f3 en claro que la mejor opci\u00f3n para <strong>Mbapp\u00e9<\/strong> es fichar con el conjunto <em>Merengue.<\/em><\/p>\n<p style=\"text-align: center;\"><a href=\"https:\/\/www.futboltotal.com.mx\/2017\/06\/se-filtra-posible-nuevo-jersey-chivas\/\" target=\"_blank\" rel=\"noopener noreferrer\"><span style=\"color: #333399;\">VER M\u00c1S:\u00a0Se filtra el posible nuevo jersey de Chivas<\/span><\/a><\/p>\n<p>Cabe destacar que la decisi\u00f3n de la nueva joya francesa pasa por su familia, ya que su padre es su representante. De igual forma se especula que el timonel <em>Blanco<\/em>, <a href=\"https:\/\/www.futboltotal.com.mx\/2017\/06\/5-inolvidables-momentos-zinedine-zidane\/\" target=\"_blank\" rel=\"noopener noreferrer\"><span style=\"color: #333399;\"><strong>Zinedine Zidane<\/strong><\/span><\/a>, habr\u00eda hablado con su compatriota para convencerlo de unirse al club.<\/p>\n","protected":false},"excerpt":{"rendered":"<p>Florentino P\u00e9rez habr\u00eda dado un gran paso en la negociaci\u00f3n por Mbapp\u00e9<\/p>\n","protected":false},"author":20,"featured_media":483177,"comment_status":"closed","ping_status":"closed","sticky":false,"template":"","format":"standard","meta":[],"categories":[3839],"tags":[491,413,603,8525,5988,2215],"_links":{"self":[{"href":"http:\/\/desarrollo.grupomedios.com\/futbol\/wp-json\/wp\/v2\/posts\/485391"}],"collection":[{"href":"http:\/\/desarrollo.grupomedios.com\/futbol\/wp-json\/wp\/v2\/posts"}],"about":[{"href":"http:\/\/desarrollo.grupomedios.com\/futbol\/wp-json\/wp\/v2\/types\/post"}],"author":[{"embeddable":true,"href":"http:\/\/desarrollo.grupomedios.com\/futbol\/wp-json\/wp\/v2\/users\/20"}],"replies":[{"embeddable":true,"href":"http:\/\/desarrollo.grupomedios.com\/futbol\/wp-json\/wp\/v2\/comments?post=485391"}],"version-history":[{"count":1,"href":"http:\/\/desarrollo.grupomedios.com\/futbol\/wp-json\/wp\/v2\/posts\/485391\/revisions"}],"predecessor-version":[{"id":485398,"href":"http:\/\/desarrollo.grupomedios.com\/futbol\/wp-json\/wp\/v2\/posts\/485391\/revisions\/485398"}],"wp:featuredmedia":[{"embeddable":true,"href":"http:\/\/desarrollo.grupomedios.com\/futbol\/wp-json\/wp\/v2\/media\/483177"}],"wp:attachment":[{"href":"http:\/\/desarrollo.grupomedios.com\/futbol\/wp-json\/wp\/v2\/media?parent=485391"}],"wp:term":[{"taxonomy":"category","embeddable":true,"href":"http:\/\/desarrollo.grupomedios.com\/futbol\/wp-json\/wp\/v2\/categories?post=485391"},{"taxonomy":"post_tag","embeddable":true,"href":"http:\/\/desarrollo.grupomedios.com\/futbol\/wp-json\/wp\/v2\/tags?post=485391"}],"curies":[{"name":"wp","href":"https:\/\/api.w.org\/{rel}","templated":true}]}}