{"id":485403,"date":"2017-06-26T17:47:33","date_gmt":"2017-06-26T22:47:33","guid":{"rendered":"https:\/\/www.futboltotal.com.mx\/?p=485403"},"modified":"2017-06-26T18:06:59","modified_gmt":"2017-06-26T23:06:59","slug":"xolos-presume-refuerzo-gustavo-bou","status":"publish","type":"post","link":"http:\/\/desarrollo.grupomedios.com\/futbol\/destacado-home\/xolos-presume-refuerzo-gustavo-bou\/2017\/06","title":{"rendered":"Xolos presume a su nuevo refuerzo, Gustavo Bou"},"content":{"rendered":"<p>Tras una intensa negociaci\u00f3n con <a href=\"https:\/\/www.futboltotal.com.mx\/2017\/05\/america-xolos-buscan-a-goleador-racing\/\" target=\"_blank\" rel=\"noopener noreferrer\"><span style=\"color: #333399;\"><strong>Racing de Avellaneda<\/strong><\/span><\/a>, <a href=\"https:\/\/www.futboltotal.com.mx\/2017\/06\/gustavo-bou-nuevo-jugador-xolos\/\" target=\"_blank\" rel=\"noopener noreferrer\"><span style=\"color: #333399;\"><strong>Gustavo Bou<\/strong><\/span><\/a> se convirti\u00f3 en refuerzo de <a href=\"https:\/\/www.futboltotal.com.mx\/2017\/06\/xolos-desembolsaria-siete-millones-de-dolares-por-gustavo-bou\/\" target=\"_blank\" rel=\"noopener noreferrer\"><span style=\"color: #333399;\"><strong>Xolos de Tijuana<\/strong><\/span><\/a> para el <a href=\"https:\/\/www.futboltotal.com.mx\/2017\/06\/nuevo-balon-la-liga-mx-apertura-2017\/\" target=\"_blank\" rel=\"noopener noreferrer\"><span style=\"color: #333399;\"><strong>Apertura 2017<\/strong><\/span><\/a> y el conjunto fronterizo no dud\u00f3 en presumir a su flamante goleador.<\/p>\n<p>El atacante argentino se incorpor\u00f3 a la pretemporada de <em>La Jaur\u00eda<\/em> y se puso a las \u00f3rdenes de <a href=\"https:\/\/www.futboltotal.com.mx\/2017\/05\/oficial-eduardo-coudet-nuevo-dt-xolos\/\" target=\"_blank\" rel=\"noopener noreferrer\"><span style=\"color: #333399;\"><strong>Eduardo Coudet<\/strong><\/span><\/a>. <strong>Bou<\/strong> es surgido de la cantera de<a href=\"https:\/\/www.futboltotal.com.mx\/2017\/06\/siete-involucrados-mas-en-caso-doping-river-plate\/\" target=\"_blank\" rel=\"noopener noreferrer\"><span style=\"color: #333399;\"><strong> River Plate<\/strong> <\/span><\/a>y a sus 27 a\u00f1os cuenta con la cuota goleadora de 61 tantos.<\/p>\n<p style=\"text-align: center;\"><a href=\"https:\/\/www.futboltotal.com.mx\/2017\/06\/medios-acusan-a-messi-de-ocultar-fondos-fundacion\/\" target=\"_blank\" rel=\"noopener noreferrer\"><span style=\"color: #333399;\">VER M\u00c1S:\u00a0Acusan a Messi de ocultar fondos a trav\u00e9s de su fundaci\u00f3n<\/span><\/a><\/p>\n<p>&nbsp;<\/p>\n<blockquote class=\"twitter-video\" data-lang=\"es\">\n<p dir=\"ltr\" lang=\"es\">\u00a1Bienvenido crack! Les presentamos a nuestro nuevo delantero: Gustavo Bou &#x1f60e;<a href=\"https:\/\/twitter.com\/hashtag\/WelcomeToTJ?src=hash\">#WelcomeToTJ<\/a> <a href=\"https:\/\/twitter.com\/hashtag\/FuerzaTijuas?src=hash\">#FuerzaTijuas<\/a><a href=\"https:\/\/t.co\/4zitRWCBjh\">https:\/\/t.co\/4zitRWCBjh<\/a> <a href=\"https:\/\/t.co\/l9SnoEsUpP\">pic.twitter.com\/l9SnoEsUpP<\/a><\/p>\n<p>\u2014 Xolos (@Xolos) <a href=\"https:\/\/twitter.com\/Xolos\/status\/879438943082631168\">26 de junio de 2017<\/a><\/p><\/blockquote>\n<p><script async src=\"\/\/platform.twitter.com\/widgets.js\" charset=\"utf-8\"><\/script><\/p>\n<p>Tras debutar con <strong>River<\/strong>, se uni\u00f3 a <strong>Olimpo<\/strong>, pas\u00f3 por <strong>La Liga de Quito, Gimnasia y Esgrima<\/strong> y de ah\u00ed emigr\u00f3 a <strong>Racing de Avellaneda.<\/strong><\/p>\n<p>Adem\u00e1s del argentino, <strong>Xolos<\/strong> sum\u00f3 a sus filas a <strong>Mauricio Cuero, Antonio Garc\u00eda, John Requejo, Amando Moreno, Luis \u00c1ngel Mendoza<\/strong> y <a href=\"https:\/\/www.futboltotal.com.mx\/2017\/06\/xolos-nuevo-refuerzo-argentino\/\" target=\"_blank\" rel=\"noopener noreferrer\"><span style=\"color: #333399;\"><strong>Enzo Kalinski.<\/strong><\/span><\/a><\/p>\n<p style=\"text-align: center;\"><a href=\"https:\/\/www.futboltotal.com.mx\/2017\/06\/florentino-contacto-a-familia-mbappe-convencerlo-fichar-madrid\/\" target=\"_blank\" rel=\"noopener noreferrer\"><span style=\"color: #333399;\">VER M\u00c1S:\u00a0Florentino contact\u00f3 a la familia de Mbapp\u00e9 para convencerlo de fichar con el Madrid<\/span><\/a><\/p>\n<p>&nbsp;<\/p>\n<blockquote class=\"twitter-video\" data-lang=\"es\">\n<p dir=\"ltr\" lang=\"es\">\u201cMe siento muy emocionado por el nuevo desaf\u00edo, estoy muy contento por mi llegada a Tijuana\u201d: Gustavo Bou <a href=\"https:\/\/t.co\/UUMRDxT4Uz\">pic.twitter.com\/UUMRDxT4Uz<\/a><\/p>\n<p>\u2014 Xolos (@Xolos) <a href=\"https:\/\/twitter.com\/Xolos\/status\/879443063902420993\">26 de junio de 2017<\/a><\/p><\/blockquote>\n<p><script async src=\"\/\/platform.twitter.com\/widgets.js\" charset=\"utf-8\"><\/script><\/p>\n","protected":false},"excerpt":{"rendered":"<p>Gustavo Bou ya se enfund\u00f3 los colores de Xolos y est\u00e1 listo para el Apertura 2017<\/p>\n","protected":false},"author":20,"featured_media":485405,"comment_status":"closed","ping_status":"closed","sticky":false,"template":"","format":"standard","meta":[],"categories":[5,2198,3845],"tags":[9155,9153,8739,9156,8666,9154,4531,9152,8383,164,1555],"_links":{"self":[{"href":"http:\/\/desarrollo.grupomedios.com\/futbol\/wp-json\/wp\/v2\/posts\/485403"}],"collection":[{"href":"http:\/\/desarrollo.grupomedios.com\/futbol\/wp-json\/wp\/v2\/posts"}],"about":[{"href":"http:\/\/desarrollo.grupomedios.com\/futbol\/wp-json\/wp\/v2\/types\/post"}],"author":[{"embeddable":true,"href":"http:\/\/desarrollo.grupomedios.com\/futbol\/wp-json\/wp\/v2\/users\/20"}],"replies":[{"embeddable":true,"href":"http:\/\/desarrollo.grupomedios.com\/futbol\/wp-json\/wp\/v2\/comments?post=485403"}],"version-history":[{"count":2,"href":"http:\/\/desarrollo.grupomedios.com\/futbol\/wp-json\/wp\/v2\/posts\/485403\/revisions"}],"predecessor-version":[{"id":485411,"href":"http:\/\/desarrollo.grupomedios.com\/futbol\/wp-json\/wp\/v2\/posts\/485403\/revisions\/485411"}],"wp:featuredmedia":[{"embeddable":true,"href":"http:\/\/desarrollo.grupomedios.com\/futbol\/wp-json\/wp\/v2\/media\/485405"}],"wp:attachment":[{"href":"http:\/\/desarrollo.grupomedios.com\/futbol\/wp-json\/wp\/v2\/media?parent=485403"}],"wp:term":[{"taxonomy":"category","embeddable":true,"href":"http:\/\/desarrollo.grupomedios.com\/futbol\/wp-json\/wp\/v2\/categories?post=485403"},{"taxonomy":"post_tag","embeddable":true,"href":"http:\/\/desarrollo.grupomedios.com\/futbol\/wp-json\/wp\/v2\/tags?post=485403"}],"curies":[{"name":"wp","href":"https:\/\/api.w.org\/{rel}","templated":true}]}}