{"id":485412,"date":"2017-06-26T18:17:28","date_gmt":"2017-06-26T23:17:28","guid":{"rendered":"https:\/\/www.futboltotal.com.mx\/?p=485412"},"modified":"2017-06-26T18:17:28","modified_gmt":"2017-06-26T23:17:28","slug":"juninho-capitan-tigres-confeso-ya-fecha-retirarse","status":"publish","type":"post","link":"http:\/\/desarrollo.grupomedios.com\/futbol\/futbol-mexicano\/juninho-capitan-tigres-confeso-ya-fecha-retirarse\/2017\/06","title":{"rendered":"Juninho, capit\u00e1n de Tigres, confes\u00f3 que ya tiene fecha para retirarse"},"content":{"rendered":"<p class=\"DETALLE_N_titulo \"><span id=\"ctl14_lblMostra\">El brasile\u00f1o <strong>Juninho<\/strong>, defensa y capit\u00e1n de los <strong>Tigres<\/strong>, declar\u00f3 que planea su retirada para el pr\u00f3ximo a\u00f1o, pero por ahora disfruta plenamente del f\u00fatbol.<\/p>\n<p>El defensa, de 34 a\u00f1os y quien ha vestido la camiseta de los felinos desde el Apertura 2010, ha sido uno de los fijos en la defensa del equipo y bajo su liderazgo los felinos conquistaron los t\u00edtulos del Apertura 2011, el Apertura 2015 y el Apertura 2016.<\/p>\n<p>&#8220;Tengo el plan de jugar todav\u00eda el otro a\u00f1o, me queda un rato y (por ahora) estoy tratando de disfrutar&#8221;, declar\u00f3 <strong>Juninho<\/strong> a la p\u00e1gina oficial de su club, que cumple pretemporada en Canc\u00fan.<\/span><\/p>\n<p class=\"DETALLE_N_titulo \" style=\"text-align: center;\"><span id=\"ctl14_lblMostra\"><a href=\"https:\/\/www.futboltotal.com.mx\/2017\/06\/xolos-presume-refuerzo-gustavo-bou\/\" target=\"_blank\" rel=\"noopener noreferrer\"><span style=\"color: #333399;\">VER M\u00c1S: Xolos presume a su nuevo refuerzo, Gustavo Bou<\/span><\/a><\/span><\/p>\n<p class=\"DETALLE_N_titulo \" style=\"text-align: left;\"><span id=\"ctl14_lblMostra\">&#8220;Estoy tratando de disfrutar cada etapa de mi vida en este momento porque no falta mucho (para el retiro )&#8221;, a\u00f1adi\u00f3.<\/p>\n<p>El exjugador del Botafogo de su pa\u00eds asegur\u00f3 que ama lo que hace, jugar f\u00fatbol, un trabajo que le ha dado &#8220;el privilegio de hacer lo que me gusta&#8221;.<\/p>\n<p>En 14 torneos con los felinos, <strong>Anselmo Vendrechovski Junior<\/strong>, nombre de <strong>Juninho<\/strong> ha acumulado 239 partidos, todos como titular, y apenas en 14 sali\u00f3 de cambio. Adem\u00e1s registra 26 anotaciones.<\/span><\/p>\n<p class=\"DETALLE_N_titulo \" style=\"text-align: center;\"><span id=\"ctl14_lblMostra\"><a href=\"https:\/\/www.futboltotal.com.mx\/2017\/06\/jorge-hernandez-no-viajo-a-eua-por-problemas-visa\/\" target=\"_blank\" rel=\"noopener noreferrer\"><span style=\"color: #333399;\">VER M\u00c1S: Participaci\u00f3n de Burrito Hern\u00e1ndez en Copa Oro peligra por visado<\/span><\/a><\/span><\/p>\n<p class=\"DETALLE_N_titulo \" style=\"text-align: left;\"><span id=\"ctl14_lblMostra\">El zaguero cont\u00f3 que uno de los objetivos del equipo para el pr\u00f3ximo torneo Apertura 2017 ser\u00e1 mantenerse entre las mejores defensas del torneo y record\u00f3 que en los \u00faltimos cuatro torneos, en tres Tigres ha sido la defensa menos goleada.<\/p>\n<p>Dijo que el objetivo de <strong>Tigres<\/strong> &#8220;no puede ser menos que estar en las finales&#8221;.<\/p>\n<p>Los <strong>Tigres<\/strong>, subcampeones del pasado Clausura mexicano, iniciar\u00e1n el pr\u00f3ximo Apertura en casa al recibir al Puebla en la primera jornada, el 22 de julio.<\/span><\/p>\n<p class=\"DETALLE_N_titulo \" style=\"text-align: center;\"><a href=\"https:\/\/www.futboltotal.com.mx\/2017\/06\/mexico-se-llevaria-millonario-premio-llega-a-la-final-la-confederaciones\/\" target=\"_blank\" rel=\"noopener noreferrer\"><span style=\"color: #333399;\">VER M\u00c1S: M\u00e9xico se llevar\u00eda millonario premio si llega a la Final de\u00a0Confederaciones<\/span><\/a><\/p>\n<div id=\"texto\" class=\"texto_txt\"><\/div>\n","protected":false},"excerpt":{"rendered":"<p>El defensa brasile\u00f1o de 34 a\u00f1os ha ganado m\u00faltiples t\u00edtulos con el cuadro de la UANL.<\/p>\n","protected":false},"author":144,"featured_media":485415,"comment_status":"closed","ping_status":"closed","sticky":false,"template":"","format":"standard","meta":[],"categories":[2198,3845],"tags":[9158,1258,64,5973],"_links":{"self":[{"href":"http:\/\/desarrollo.grupomedios.com\/futbol\/wp-json\/wp\/v2\/posts\/485412"}],"collection":[{"href":"http:\/\/desarrollo.grupomedios.com\/futbol\/wp-json\/wp\/v2\/posts"}],"about":[{"href":"http:\/\/desarrollo.grupomedios.com\/futbol\/wp-json\/wp\/v2\/types\/post"}],"author":[{"embeddable":true,"href":"http:\/\/desarrollo.grupomedios.com\/futbol\/wp-json\/wp\/v2\/users\/144"}],"replies":[{"embeddable":true,"href":"http:\/\/desarrollo.grupomedios.com\/futbol\/wp-json\/wp\/v2\/comments?post=485412"}],"version-history":[{"count":2,"href":"http:\/\/desarrollo.grupomedios.com\/futbol\/wp-json\/wp\/v2\/posts\/485412\/revisions"}],"predecessor-version":[{"id":485420,"href":"http:\/\/desarrollo.grupomedios.com\/futbol\/wp-json\/wp\/v2\/posts\/485412\/revisions\/485420"}],"wp:featuredmedia":[{"embeddable":true,"href":"http:\/\/desarrollo.grupomedios.com\/futbol\/wp-json\/wp\/v2\/media\/485415"}],"wp:attachment":[{"href":"http:\/\/desarrollo.grupomedios.com\/futbol\/wp-json\/wp\/v2\/media?parent=485412"}],"wp:term":[{"taxonomy":"category","embeddable":true,"href":"http:\/\/desarrollo.grupomedios.com\/futbol\/wp-json\/wp\/v2\/categories?post=485412"},{"taxonomy":"post_tag","embeddable":true,"href":"http:\/\/desarrollo.grupomedios.com\/futbol\/wp-json\/wp\/v2\/tags?post=485412"}],"curies":[{"name":"wp","href":"https:\/\/api.w.org\/{rel}","templated":true}]}}