{"id":485413,"date":"2017-06-27T11:15:02","date_gmt":"2017-06-27T16:15:02","guid":{"rendered":"https:\/\/www.futboltotal.com.mx\/?p=485413"},"modified":"2017-06-27T11:48:41","modified_gmt":"2017-06-27T16:48:41","slug":"tri-en-copa-confederaciones-2013-principio-del-fin-la-era-chepo","status":"publish","type":"post","link":"http:\/\/desarrollo.grupomedios.com\/futbol\/destacado-home\/tri-en-copa-confederaciones-2013-principio-del-fin-la-era-chepo\/2017\/06","title":{"rendered":"Confederaciones 2013, El inicio del fin de la era Chepo en el TRI"},"content":{"rendered":"<p>Luego de casi 10 a\u00f1os de ausencia y de un gran triunfo ante Estados Unidos para obtener el pase a la Copa Confederaciones, M\u00e9xico regres\u00f3 al torneo previo al Mundial en su edici\u00f3n de Brasil 2013.<\/p>\n<p>El buen sabor de boca que hab\u00eda dejado Ricardo La Volpe en el TRI, tras la edici\u00f3n en 2005 y con una gran generaci\u00f3n de jugadores que ven\u00edan de buenos juegos con Jos\u00e9 Manuel de la Torre, se esperaba que la Selecci\u00f3n Mexicana diera una gran actuaci\u00f3n en el torneo previo a la Copa del Mundo.<\/p>\n<p>Lamentablemente para el Tricolor, todo fue lo contrario y en vez de buenos resultados, M\u00e9xico tuvo una actuaci\u00f3n p\u00e9sima que comenz\u00f3 a empujar al Chepo de la Torre fuera del banquillo, pues ese fue el inicio del fin de su era..<\/p>\n<p style=\"text-align: center;\"><span style=\"color: #3366ff;\"><a style=\"color: #3366ff;\" href=\"https:\/\/www.futboltotal.com.mx\/2017\/06\/nestor-araujo-suena-llegar-bundesliga\/\">VER M\u00c1S: N\u00e9stor Araujo suena para llegar a la Bundesliga<\/a><\/span><\/p>\n<p>[video_player]https:\/\/player.vimeo.com\/external\/223197969.hd.mp4?s=6bb5f558d470145c2eb3ee193ef27f043f35fbf8&amp;profile_id=174[\/video_player]<\/p>\n","protected":false},"excerpt":{"rendered":"<p>El TRI sorprendi\u00f3 a todos, pero por su mal desempe\u00f1o con Jos\u00e9 Manuel de la Torre.<\/p>\n","protected":false},"author":129,"featured_media":485414,"comment_status":"closed","ping_status":"closed","sticky":false,"template":"","format":"standard","meta":[],"categories":[5,2198],"tags":[1580],"_links":{"self":[{"href":"http:\/\/desarrollo.grupomedios.com\/futbol\/wp-json\/wp\/v2\/posts\/485413"}],"collection":[{"href":"http:\/\/desarrollo.grupomedios.com\/futbol\/wp-json\/wp\/v2\/posts"}],"about":[{"href":"http:\/\/desarrollo.grupomedios.com\/futbol\/wp-json\/wp\/v2\/types\/post"}],"author":[{"embeddable":true,"href":"http:\/\/desarrollo.grupomedios.com\/futbol\/wp-json\/wp\/v2\/users\/129"}],"replies":[{"embeddable":true,"href":"http:\/\/desarrollo.grupomedios.com\/futbol\/wp-json\/wp\/v2\/comments?post=485413"}],"version-history":[{"count":4,"href":"http:\/\/desarrollo.grupomedios.com\/futbol\/wp-json\/wp\/v2\/posts\/485413\/revisions"}],"predecessor-version":[{"id":485492,"href":"http:\/\/desarrollo.grupomedios.com\/futbol\/wp-json\/wp\/v2\/posts\/485413\/revisions\/485492"}],"wp:featuredmedia":[{"embeddable":true,"href":"http:\/\/desarrollo.grupomedios.com\/futbol\/wp-json\/wp\/v2\/media\/485414"}],"wp:attachment":[{"href":"http:\/\/desarrollo.grupomedios.com\/futbol\/wp-json\/wp\/v2\/media?parent=485413"}],"wp:term":[{"taxonomy":"category","embeddable":true,"href":"http:\/\/desarrollo.grupomedios.com\/futbol\/wp-json\/wp\/v2\/categories?post=485413"},{"taxonomy":"post_tag","embeddable":true,"href":"http:\/\/desarrollo.grupomedios.com\/futbol\/wp-json\/wp\/v2\/tags?post=485413"}],"curies":[{"name":"wp","href":"https:\/\/api.w.org\/{rel}","templated":true}]}}