{"id":485447,"date":"2017-06-27T10:29:10","date_gmt":"2017-06-27T15:29:10","guid":{"rendered":"https:\/\/www.futboltotal.com.mx\/?p=485447"},"modified":"2017-06-27T10:37:07","modified_gmt":"2017-06-27T15:37:07","slug":"nestor-araujo-suena-llegar-bundesliga","status":"publish","type":"post","link":"http:\/\/desarrollo.grupomedios.com\/futbol\/destacado-home\/nestor-araujo-suena-llegar-bundesliga\/2017\/06","title":{"rendered":"N\u00e9stor Araujo suena para llegar a la Bundesliga"},"content":{"rendered":"<p>El actual defensor de <strong>Santos Laguna<\/strong>,\u00a0<strong>N\u00e9stor Araujo<\/strong>, quien se encuentra disputando la <strong>Copa Confederaciones<\/strong> con la <strong>Selecci\u00f3n Mexicana<\/strong>, estar\u00eda cerca de jugar la pr\u00f3xima temporada en Alemania.<\/p>\n<p class=\"p1\">As\u00ed lo dio a conocer el periodista\u00a0<strong>Fernando Schwartz<\/strong>, quien asegur\u00f3 que la pr\u00f3xima temporada el zaguero central estar\u00e1 en la <strong>Bundesliga<\/strong>, aunque no especific\u00f3 el equipo al que llegar\u00eda.<\/p>\n<p class=\"p1\" style=\"text-align: center;\"><span style=\"color: #333399;\"><a style=\"color: #333399;\" href=\"https:\/\/www.futboltotal.com.mx\/2017\/06\/mexico-se-llevaria-millonario-premio-llega-a-la-final-la-confederaciones\/\" target=\"_blank\" rel=\"noopener noreferrer\">VER M\u00c1S: El millonario premio para M\u00e9xico si califica a la final de Copa Confederaciones<\/a><\/span><\/p>\n<p class=\"p1\">Otros medios han lanzado el rumor que el equipo interesado en los servicios de <strong>Araujo<\/strong> es el <strong>Leipzig<\/strong>, conjunto que la pr\u00f3xima campa\u00f1a disputar\u00e1 la <strong>Champions League<\/strong>.<\/p>\n<p class=\"p1\">Por el momento <strong>Santos Laguna<\/strong> no ha hecho ning\u00fan pronunciamiento sobre este rumor. <strong>Araujo<\/strong> anot\u00f3 un gol en el triunfo de M\u00e9xico ante Rusia.<\/p>\n<p class=\"p1\" style=\"text-align: center;\"><span style=\"color: #333399;\"><a style=\"color: #333399;\" href=\"https:\/\/www.futboltotal.com.mx\/2017\/06\/mexico-estara-encima-italia-e-inglaterra-en-proximo-ranking-fifa\/\" target=\"_blank\" rel=\"noopener noreferrer\">VER M\u00c1S: M\u00e9xico tendr\u00e1 lugar privilegiado en el pr\u00f3ximo ranking FIFA<\/a><\/span><\/p>\n<p class=\"p1\">\n","protected":false},"excerpt":{"rendered":"<p>El defensa central mexicano ha llamado la atenci\u00f3n de un equipo alem\u00e1n <\/p>\n","protected":false},"author":20,"featured_media":481062,"comment_status":"closed","ping_status":"closed","sticky":false,"template":"","format":"standard","meta":[],"categories":[5,7740,3839,2198,3847],"tags":[6000,119,7615,1972,174,409],"_links":{"self":[{"href":"http:\/\/desarrollo.grupomedios.com\/futbol\/wp-json\/wp\/v2\/posts\/485447"}],"collection":[{"href":"http:\/\/desarrollo.grupomedios.com\/futbol\/wp-json\/wp\/v2\/posts"}],"about":[{"href":"http:\/\/desarrollo.grupomedios.com\/futbol\/wp-json\/wp\/v2\/types\/post"}],"author":[{"embeddable":true,"href":"http:\/\/desarrollo.grupomedios.com\/futbol\/wp-json\/wp\/v2\/users\/20"}],"replies":[{"embeddable":true,"href":"http:\/\/desarrollo.grupomedios.com\/futbol\/wp-json\/wp\/v2\/comments?post=485447"}],"version-history":[{"count":1,"href":"http:\/\/desarrollo.grupomedios.com\/futbol\/wp-json\/wp\/v2\/posts\/485447\/revisions"}],"predecessor-version":[{"id":485450,"href":"http:\/\/desarrollo.grupomedios.com\/futbol\/wp-json\/wp\/v2\/posts\/485447\/revisions\/485450"}],"wp:featuredmedia":[{"embeddable":true,"href":"http:\/\/desarrollo.grupomedios.com\/futbol\/wp-json\/wp\/v2\/media\/481062"}],"wp:attachment":[{"href":"http:\/\/desarrollo.grupomedios.com\/futbol\/wp-json\/wp\/v2\/media?parent=485447"}],"wp:term":[{"taxonomy":"category","embeddable":true,"href":"http:\/\/desarrollo.grupomedios.com\/futbol\/wp-json\/wp\/v2\/categories?post=485447"},{"taxonomy":"post_tag","embeddable":true,"href":"http:\/\/desarrollo.grupomedios.com\/futbol\/wp-json\/wp\/v2\/tags?post=485447"}],"curies":[{"name":"wp","href":"https:\/\/api.w.org\/{rel}","templated":true}]}}