{"id":485454,"date":"2017-06-27T09:57:36","date_gmt":"2017-06-27T14:57:36","guid":{"rendered":"https:\/\/www.futboltotal.com.mx\/?p=485454"},"modified":"2017-06-27T09:57:36","modified_gmt":"2017-06-27T14:57:36","slug":"jose-ramon-zapeo-a-aficionado-chileno-en-plena-transmision","status":"publish","type":"post","link":"http:\/\/desarrollo.grupomedios.com\/futbol\/cambio-de-juego\/jose-ramon-zapeo-a-aficionado-chileno-en-plena-transmision\/2017\/06","title":{"rendered":"Jos\u00e9 Ram\u00f3n zape\u00f3 a aficionado chileno en plena transmisi\u00f3n"},"content":{"rendered":"<p>Durante la transmisi\u00f3n de ESPN en la cobertura de la Copa Confederaciones, el periodista <strong>Jos\u00e9 Ram\u00f3n Fern\u00e1ndez<\/strong> vivi\u00f3 un bochornoso momento cuando aficionados chilenos invadieron la transmisi\u00f3n en la que se encontraba junto a Jorge Ramos.<\/p>\n<p>Cuando los fans se metieron entre ellos, <em>Joserra<\/em> zape\u00f3 a un joven con s\u00edndrome de down, aunque el periodista no lo hizo a prop\u00f3sito, ya que nunca se dio cuenta de la condici\u00f3n del ni\u00f1o ya que se encontraba brincando con sus dem\u00e1s compatriotas.<\/p>\n<p>Aqu\u00ed te dejamos el momento que vivi\u00f3 <strong>Jos\u00e9 Ram\u00f3n Fern\u00e1ndez<\/strong> en plena transmisi\u00f3n.<\/p>\n<p style=\"text-align: center;\"><span style=\"color: #3366ff;\"><a style=\"color: #3366ff;\" href=\"https:\/\/www.futboltotal.com.mx\/2017\/06\/mexico-se-llevaria-millonario-premio-llega-a-la-final-la-confederaciones\/\">VER M\u00c1S: M\u00e9xico se llevar\u00eda millonario premio si llega a la Final de la Confederaciones<\/a><\/span><\/p>\n<p><iframe loading=\"lazy\" src=\"https:\/\/www.youtube.com\/embed\/Ks5pf-I2PAc?feature=oembed\" frameborder=\"0\" allowfullscreen><\/iframe><\/p>\n","protected":false},"excerpt":{"rendered":"<p>Joserra zape\u00f3 a un ni\u00f1o con s\u00edndrome de down, aunque lo hizo sin intensi\u00f3n.<\/p>\n","protected":false},"author":20,"featured_media":485457,"comment_status":"closed","ping_status":"closed","sticky":false,"template":"","format":"standard","meta":[],"categories":[5419],"tags":[5460,5448,6974],"_links":{"self":[{"href":"http:\/\/desarrollo.grupomedios.com\/futbol\/wp-json\/wp\/v2\/posts\/485454"}],"collection":[{"href":"http:\/\/desarrollo.grupomedios.com\/futbol\/wp-json\/wp\/v2\/posts"}],"about":[{"href":"http:\/\/desarrollo.grupomedios.com\/futbol\/wp-json\/wp\/v2\/types\/post"}],"author":[{"embeddable":true,"href":"http:\/\/desarrollo.grupomedios.com\/futbol\/wp-json\/wp\/v2\/users\/20"}],"replies":[{"embeddable":true,"href":"http:\/\/desarrollo.grupomedios.com\/futbol\/wp-json\/wp\/v2\/comments?post=485454"}],"version-history":[{"count":1,"href":"http:\/\/desarrollo.grupomedios.com\/futbol\/wp-json\/wp\/v2\/posts\/485454\/revisions"}],"predecessor-version":[{"id":485458,"href":"http:\/\/desarrollo.grupomedios.com\/futbol\/wp-json\/wp\/v2\/posts\/485454\/revisions\/485458"}],"wp:featuredmedia":[{"embeddable":true,"href":"http:\/\/desarrollo.grupomedios.com\/futbol\/wp-json\/wp\/v2\/media\/485457"}],"wp:attachment":[{"href":"http:\/\/desarrollo.grupomedios.com\/futbol\/wp-json\/wp\/v2\/media?parent=485454"}],"wp:term":[{"taxonomy":"category","embeddable":true,"href":"http:\/\/desarrollo.grupomedios.com\/futbol\/wp-json\/wp\/v2\/categories?post=485454"},{"taxonomy":"post_tag","embeddable":true,"href":"http:\/\/desarrollo.grupomedios.com\/futbol\/wp-json\/wp\/v2\/tags?post=485454"}],"curies":[{"name":"wp","href":"https:\/\/api.w.org\/{rel}","templated":true}]}}