{"id":485480,"date":"2017-06-27T11:15:24","date_gmt":"2017-06-27T16:15:24","guid":{"rendered":"https:\/\/www.futboltotal.com.mx\/?p=485480"},"modified":"2017-06-27T11:15:24","modified_gmt":"2017-06-27T16:15:24","slug":"osorio-seguira-tecnico-del-tri-decio-maria","status":"publish","type":"post","link":"http:\/\/desarrollo.grupomedios.com\/futbol\/destacado-home\/osorio-seguira-tecnico-del-tri-decio-maria\/2017\/06","title":{"rendered":"Osorio es y seguir\u00e1 siendo t\u00e9cnico del TRI: Decio de Mar\u00eda"},"content":{"rendered":"<p>A pesar de que ha sido constantemente criticado por las pol\u00e9micas rotaciones, el Presidente de la Federaci\u00f3n Mexican de Futbol, Decio de Mar\u00eda, asegur\u00f3 que ni siendo eliminado, <strong>Juan Carlos Osorio<\/strong> ser\u00e1 destituido del TRI<\/p>\n<p>El Presidente de la FMF ratific\u00f3 al entrenador colombiano y respald\u00f3 su trabajo al frente del combinado azteca, por lo que asegur\u00f3 que Osorio es inamovible de la Selecci\u00f3n Mexicana.<\/p>\n<p style=\"text-align: center;\"><span style=\"color: #3366ff;\"><a style=\"color: #3366ff;\" href=\"https:\/\/www.futboltotal.com.mx\/2017\/06\/jose-ramon-zapeo-a-aficionado-chileno-en-plena-transmision\/\">VER M\u00c1S: Jos\u00e9 Ram\u00f3n zape\u00f3 a aficionado chileno en plena transmisi\u00f3n<\/a><\/span><\/p>\n<p>\u201c<strong>Juan Carlos Osorio<\/strong> es y seguir\u00e1 siendo el t\u00e9cnico de nuestra Selecci\u00f3n Mexicana de futbol\u201d, declar\u00f3 con seguridad el directivo a su salida a Estados Unidos para acompa\u00f1ar al Tricolor en la Copa Oro que inicia el pr\u00f3ximo 7 de julio.<\/p>\n<p>Asimismo, extern\u00f3 su deseo por que el conjunto nacional logre un resultado positivo ante Alemania, este jueves en la Copa Confederaciones para poder disputar la Gran Final.<\/p>\n","protected":false},"excerpt":{"rendered":"<p>De Mar\u00eda ratific\u00f3 a Osorio como t\u00e9cnico de M\u00e9xico.<\/p>\n","protected":false},"author":20,"featured_media":485483,"comment_status":"closed","ping_status":"closed","sticky":false,"template":"","format":"standard","meta":[],"categories":[5,2198],"tags":[6196],"_links":{"self":[{"href":"http:\/\/desarrollo.grupomedios.com\/futbol\/wp-json\/wp\/v2\/posts\/485480"}],"collection":[{"href":"http:\/\/desarrollo.grupomedios.com\/futbol\/wp-json\/wp\/v2\/posts"}],"about":[{"href":"http:\/\/desarrollo.grupomedios.com\/futbol\/wp-json\/wp\/v2\/types\/post"}],"author":[{"embeddable":true,"href":"http:\/\/desarrollo.grupomedios.com\/futbol\/wp-json\/wp\/v2\/users\/20"}],"replies":[{"embeddable":true,"href":"http:\/\/desarrollo.grupomedios.com\/futbol\/wp-json\/wp\/v2\/comments?post=485480"}],"version-history":[{"count":1,"href":"http:\/\/desarrollo.grupomedios.com\/futbol\/wp-json\/wp\/v2\/posts\/485480\/revisions"}],"predecessor-version":[{"id":485484,"href":"http:\/\/desarrollo.grupomedios.com\/futbol\/wp-json\/wp\/v2\/posts\/485480\/revisions\/485484"}],"wp:featuredmedia":[{"embeddable":true,"href":"http:\/\/desarrollo.grupomedios.com\/futbol\/wp-json\/wp\/v2\/media\/485483"}],"wp:attachment":[{"href":"http:\/\/desarrollo.grupomedios.com\/futbol\/wp-json\/wp\/v2\/media?parent=485480"}],"wp:term":[{"taxonomy":"category","embeddable":true,"href":"http:\/\/desarrollo.grupomedios.com\/futbol\/wp-json\/wp\/v2\/categories?post=485480"},{"taxonomy":"post_tag","embeddable":true,"href":"http:\/\/desarrollo.grupomedios.com\/futbol\/wp-json\/wp\/v2\/tags?post=485480"}],"curies":[{"name":"wp","href":"https:\/\/api.w.org\/{rel}","templated":true}]}}