{"id":485490,"date":"2017-06-27T12:04:38","date_gmt":"2017-06-27T17:04:38","guid":{"rendered":"https:\/\/www.futboltotal.com.mx\/?p=485490"},"modified":"2017-06-27T12:04:38","modified_gmt":"2017-06-27T17:04:38","slug":"julio-cesar-chavez-revela-amenaza-secuestro-tijuana-pedi-apoyo-hacen-pendejos","status":"publish","type":"post","link":"http:\/\/desarrollo.grupomedios.com\/futbol\/cambio-de-juego\/julio-cesar-chavez-revela-amenaza-secuestro-tijuana-pedi-apoyo-hacen-pendejos\/2017\/06","title":{"rendered":"Ch\u00e1vez revela amenaza de secuestro: &#8220;Ped\u00ed apoyo, se hacen pendej&#8230;&#8221;"},"content":{"rendered":"<p class=\"DETALLE_N_titulo \"><span id=\"ctl14_lblMostra\">El ex campe\u00f3n mundial de boxeo, el mexicano <strong>Julio C\u00e9sar Ch\u00e1vez<\/strong> revel\u00f3 que pesa sobre su persona una <strong>amenaza de secuestro<\/strong> que fue advertida por el Bur\u00f3 Federal de Investigaciones (<strong>FBI<\/strong>) del Departamento de Justicia de los Estados Unidos.<\/span><\/p>\n<p>El llamado <em>C\u00e9sar del Boxeo<\/em> denunci\u00f3 las amenazas ante medios de la ciudad de Culiac\u00e1n, capital del estado de Sinaloa, noroeste de M\u00e9xico, donde asisti\u00f3 al sepelio de <a href=\"https:\/\/www.futboltotal.com.mx\/2017\/06\/hermano-julio-cesar-chavez-fue-asaltado-asesinado\/\" target=\"_blank\" rel=\"noopener noreferrer\"><span style=\"color: #333399;\">su hermano <strong>Rafael Ch\u00e1vez<\/strong>, quien fue asesinado a balazos<\/span><\/a> el domingo por la noche en Culiac\u00e1n.<\/p>\n<p>&#8220;El FBI me comunic\u00f3\u00a0que me quieren secuestrar en Tijuana a m\u00ed y a mi hija, les dije a las autoridades y no han hecho nada&#8221;, confes\u00f3 <strong>Ch\u00e1vez<\/strong>, quien actualmente trabaja como analista para las cadenas <strong>ESPN<\/strong> y <strong>TV<\/strong> <strong>Azteca<\/strong>.<\/p>\n<p style=\"text-align: center;\"><a href=\"https:\/\/www.futboltotal.com.mx\/2017\/06\/osorio-seguira-tecnico-del-tri-decio-maria\/\" target=\"_blank\" rel=\"noopener noreferrer\"><span style=\"color: #333399;\">VER M\u00c1S: Decio de Mar\u00eda: &#8220;Osorio es seguir\u00e1 siendo t\u00e9cnico del Tri&#8221;<\/span><\/a><\/p>\n<p class=\"DETALLE_N_titulo \"><span id=\"ctl14_lblMostra\">Cont\u00f3 que la informaci\u00f3n que le comparti\u00f3 el FBI se la transmiti\u00f3 al Gobernador de Baja California, <strong>Francisco Vega<\/strong>, y a las autoridades de Tijuana pero hasta el momento no han hecho nada.<\/span><\/p>\n<p>&#8220;Yo le inform\u00e9 al gobierno de Baja California, al se\u00f1or <em>Kiko<\/em>\u00a0Vega, y se hicieron pendejos, el director de la polic\u00eda municipal, todos se han hecho pendejos. Creo que est\u00e1n esperando a que me pase algo para actuar, pero ya para qu\u00e9&#8221;, expres\u00f3 Ch\u00e1vez, quien asegur\u00f3 que el FBI tiene identificado al posible secuestrador, pero no quiso dar su nombre para no alertarlo.<\/p>\n<p style=\"text-align: center;\"><a href=\"https:\/\/www.futboltotal.com.mx\/2017\/06\/nestor-araujo-suena-llegar-bundesliga\/\" target=\"_blank\" rel=\"noopener noreferrer\"><span style=\"color: #333399;\">VER M\u00c1S: N\u00e9stor Araujo suena para llegar a la Bundesliga<\/span><\/a><\/p>\n<p>&nbsp;<\/p>\n<blockquote class=\"twitter-video\" data-lang=\"es\">\n<p dir=\"ltr\" lang=\"es\">Mira <a href=\"https:\/\/twitter.com\/EPN\">@EPN<\/a>, \u00e9ste es el M\u00e9xico real; el M\u00e9xico de la inseguridad y la violencia. Bien dice J.C. Ch\u00e1vez: dejen de hacerse pendejos. Tiene raz\u00f3n <a href=\"https:\/\/t.co\/oliqOyQrzM\">pic.twitter.com\/oliqOyQrzM<\/a><\/p>\n<p>\u2014 Vero A. Islas (@lovrega) <a href=\"https:\/\/twitter.com\/lovrega\/status\/879721229342715904\">27 de junio de 2017<\/a><\/p><\/blockquote>\n<p><script async src=\"\/\/platform.twitter.com\/widgets.js\" charset=\"utf-8\"><\/script><\/p>\n<p>Lament\u00f3 que los niveles de violencia en M\u00e9xico hayan ido en aumento en los \u00faltimos a\u00f1os &#8220;parece que no hay gobierno, cada vez m\u00e1s van en aumento los secuestros, asesinatos y levantamientos de personas&#8221;.<\/p>\n<p>Sobre el asesinato de su hermano, Julio C\u00e9sar, de 54 a\u00f1os, dijo que no quedar\u00e1 impune y buscar\u00e1 por su cuenta a los asesinos de su hermano, quien atend\u00eda una cl\u00ednica de rehabilitaci\u00f3n para 250 personas con problemas de alcoholismo y drogadicci\u00f3n.<\/p>\n<div id=\"texto\" class=\"texto_txt\">VER M\u00c1S:<\/div>\n","protected":false},"excerpt":{"rendered":"<p>El ex boxeador mexicano acudi\u00f3 al sepelio de su hermano Rafael Ch\u00e1vez, asesinado a balazos.<\/p>\n","protected":false},"author":144,"featured_media":485493,"comment_status":"closed","ping_status":"closed","sticky":false,"template":"","format":"standard","meta":[],"categories":[6282,5419,6411],"tags":[9163,5935,7820,7149,5974],"_links":{"self":[{"href":"http:\/\/desarrollo.grupomedios.com\/futbol\/wp-json\/wp\/v2\/posts\/485490"}],"collection":[{"href":"http:\/\/desarrollo.grupomedios.com\/futbol\/wp-json\/wp\/v2\/posts"}],"about":[{"href":"http:\/\/desarrollo.grupomedios.com\/futbol\/wp-json\/wp\/v2\/types\/post"}],"author":[{"embeddable":true,"href":"http:\/\/desarrollo.grupomedios.com\/futbol\/wp-json\/wp\/v2\/users\/144"}],"replies":[{"embeddable":true,"href":"http:\/\/desarrollo.grupomedios.com\/futbol\/wp-json\/wp\/v2\/comments?post=485490"}],"version-history":[{"count":1,"href":"http:\/\/desarrollo.grupomedios.com\/futbol\/wp-json\/wp\/v2\/posts\/485490\/revisions"}],"predecessor-version":[{"id":485495,"href":"http:\/\/desarrollo.grupomedios.com\/futbol\/wp-json\/wp\/v2\/posts\/485490\/revisions\/485495"}],"wp:featuredmedia":[{"embeddable":true,"href":"http:\/\/desarrollo.grupomedios.com\/futbol\/wp-json\/wp\/v2\/media\/485493"}],"wp:attachment":[{"href":"http:\/\/desarrollo.grupomedios.com\/futbol\/wp-json\/wp\/v2\/media?parent=485490"}],"wp:term":[{"taxonomy":"category","embeddable":true,"href":"http:\/\/desarrollo.grupomedios.com\/futbol\/wp-json\/wp\/v2\/categories?post=485490"},{"taxonomy":"post_tag","embeddable":true,"href":"http:\/\/desarrollo.grupomedios.com\/futbol\/wp-json\/wp\/v2\/tags?post=485490"}],"curies":[{"name":"wp","href":"https:\/\/api.w.org\/{rel}","templated":true}]}}