{"id":485500,"date":"2017-06-27T12:41:27","date_gmt":"2017-06-27T17:41:27","guid":{"rendered":"https:\/\/www.futboltotal.com.mx\/?p=485500"},"modified":"2017-06-27T12:41:27","modified_gmt":"2017-06-27T17:41:27","slug":"will-ferrell-suplica-a-chicharito-fiche-los-angeles-fc","status":"publish","type":"post","link":"http:\/\/desarrollo.grupomedios.com\/futbol\/futbol-internacional\/will-ferrell-suplica-a-chicharito-fiche-los-angeles-fc\/2017\/06","title":{"rendered":"Will Ferrell suplica a Chicharito que fiche por Los Angeles FC"},"content":{"rendered":"<p>Los rumores acerca del futuro de <strong>Javier<\/strong> <strong>Hern\u00e1ndez<\/strong> han vinculado al mexicano para dar el salto a la <strong>MLS<\/strong>, espec\u00edficamente con\u00a0el club de expansi\u00f3n <strong>Los<\/strong> <strong>Angeles<\/strong> <strong>FC<\/strong>, que tiene el sue\u00f1o de contar con <em><strong>Chicharito<\/strong><\/em> en su plantilla para su debut en 2018.<\/p>\n<p>Pese a que el delantero del <strong>Bayer<\/strong> <strong>Leverkusen<\/strong> y de la <strong>Selecci\u00f3n<\/strong> <strong>Mexicana<\/strong> ha manifestado que su deseo es seguir jugando en el futbol europeo, parece que el cuadro angelino utilizar\u00e1 toda estrategia en sus manos para convencer a <em><strong>Chicharito<\/strong><\/em>, incluso que el c\u00f3mico <strong>Will<\/strong> <strong>Ferrell<\/strong> le suplique hasta que acepte llegar a Estados Unidos.<\/p>\n<p style=\"text-align: center;\"><a href=\"https:\/\/www.futboltotal.com.mx\/2017\/06\/nestor-araujo-suena-llegar-bundesliga\/\" target=\"_blank\" rel=\"noopener noreferrer\"><span style=\"color: #333399;\">VER M\u00c1S: N\u00e9stor Araujo suena para llegar a la Bundesliga<\/span><\/a><\/p>\n<p>Y es que <strong>Ferrell<\/strong>, uno de los comediantes m\u00e1s reconocidos por su humor \u00e1cido e irreverente, es copropietario de <strong>Los<\/strong> <strong>Angeles<\/strong> <strong>FC<\/strong> y en un show de ESPN acept\u00f3 mandarle un mensaje en espa\u00f1ol a <strong>Chicharito<\/strong> para explicarle lo que el club le ofrece para su contrataci\u00f3n.<\/p>\n<p>En el video, <strong>Ferrell<\/strong> muestra su admiraci\u00f3n por <strong>Hern\u00e1ndez<\/strong>,<strong>\u00a0<\/strong>siempre\u00a0con su peculiar estilo y recordando el personaje que caracteriz\u00f3 en su pel\u00edcula <em>Casa de mi padre<\/em>. Si quieres re\u00edrte, no dejes de ver este video.<\/p>\n<p style=\"text-align: center;\"><a href=\"https:\/\/www.futboltotal.com.mx\/2017\/06\/jose-ramon-zapeo-a-aficionado-chileno-en-plena-transmision\/\" target=\"_blank\" rel=\"noopener noreferrer\"><span style=\"color: #333399;\">VER M\u00c1S: Jos\u00e9 Ram\u00f3n zape\u00f3 a aficionado chileno en plena transmisi\u00f3n<\/span><\/a><\/p>\n<p>&nbsp;<\/p>\n<blockquote class=\"twitter-video\" data-lang=\"es\">\n<p dir=\"ltr\" lang=\"es\">.<a href=\"https:\/\/twitter.com\/CH14_\">@CH14_<\/a>! <a href=\"https:\/\/twitter.com\/hashtag\/WillFerrell?src=hash\">#WillFerrell<\/a> has a special message for you! (<a href=\"https:\/\/twitter.com\/LAFC\">@LAFC<\/a> ) <a href=\"https:\/\/twitter.com\/Nacion_ESPN\">@Nacion_ESPN<\/a>, \u00bfser\u00e1 que con esto ya lo convenci\u00f3? \u26bd <a href=\"https:\/\/t.co\/IEwTzyFHK5\">pic.twitter.com\/IEwTzyFHK5<\/a><\/p>\n<p>\u2014 Naci\u00f3n ESPN2 (@NacionESPN2) <a href=\"https:\/\/twitter.com\/NacionESPN2\/status\/879452365601947649\">26 de junio de 2017<\/a><\/p><\/blockquote>\n<p><script async src=\"\/\/platform.twitter.com\/widgets.js\" charset=\"utf-8\"><\/script><\/p>\n","protected":false},"excerpt":{"rendered":"<p>Ferrell mostr\u00f3 su admiraci\u00f3n por Hern\u00e1ndez, siempre con su peculiar estilo.<\/p>\n","protected":false},"author":20,"featured_media":485501,"comment_status":"closed","ping_status":"closed","sticky":false,"template":"","format":"standard","meta":[],"categories":[5419,7740,3839,6822,6718,7580],"tags":[4335,120,9165,8503,195,9164],"_links":{"self":[{"href":"http:\/\/desarrollo.grupomedios.com\/futbol\/wp-json\/wp\/v2\/posts\/485500"}],"collection":[{"href":"http:\/\/desarrollo.grupomedios.com\/futbol\/wp-json\/wp\/v2\/posts"}],"about":[{"href":"http:\/\/desarrollo.grupomedios.com\/futbol\/wp-json\/wp\/v2\/types\/post"}],"author":[{"embeddable":true,"href":"http:\/\/desarrollo.grupomedios.com\/futbol\/wp-json\/wp\/v2\/users\/20"}],"replies":[{"embeddable":true,"href":"http:\/\/desarrollo.grupomedios.com\/futbol\/wp-json\/wp\/v2\/comments?post=485500"}],"version-history":[{"count":2,"href":"http:\/\/desarrollo.grupomedios.com\/futbol\/wp-json\/wp\/v2\/posts\/485500\/revisions"}],"predecessor-version":[{"id":485506,"href":"http:\/\/desarrollo.grupomedios.com\/futbol\/wp-json\/wp\/v2\/posts\/485500\/revisions\/485506"}],"wp:featuredmedia":[{"embeddable":true,"href":"http:\/\/desarrollo.grupomedios.com\/futbol\/wp-json\/wp\/v2\/media\/485501"}],"wp:attachment":[{"href":"http:\/\/desarrollo.grupomedios.com\/futbol\/wp-json\/wp\/v2\/media?parent=485500"}],"wp:term":[{"taxonomy":"category","embeddable":true,"href":"http:\/\/desarrollo.grupomedios.com\/futbol\/wp-json\/wp\/v2\/categories?post=485500"},{"taxonomy":"post_tag","embeddable":true,"href":"http:\/\/desarrollo.grupomedios.com\/futbol\/wp-json\/wp\/v2\/tags?post=485500"}],"curies":[{"name":"wp","href":"https:\/\/api.w.org\/{rel}","templated":true}]}}