{"id":485514,"date":"2017-06-27T13:26:51","date_gmt":"2017-06-27T18:26:51","guid":{"rendered":"https:\/\/www.futboltotal.com.mx\/?p=485514"},"modified":"2017-06-27T13:26:51","modified_gmt":"2017-06-27T18:26:51","slug":"paolo-maldini-cayo-en-debut-en-tenis-profesional","status":"publish","type":"post","link":"http:\/\/desarrollo.grupomedios.com\/futbol\/uncategorized\/paolo-maldini-cayo-en-debut-en-tenis-profesional\/2017\/06","title":{"rendered":"Paolo Maldini cay\u00f3 en su debut en el tenis profesional"},"content":{"rendered":"<p><strong>Paolo Maldini<\/strong>, exdefensa del Milan y de la selecci\u00f3n italiana, junto a su compa\u00f1ero Stefano Landonio, cayeron este martes en la primera ronda del torneo de dobles del &#8220;Challenger de Mil\u00e1n&#8221;, por un doble 6-1, en el que ha sido el debut del exinternacional italiano en el tenis profesional.<\/p>\n<p><strong>Paolo Maldini<\/strong>, de 49 a\u00f1os, junto a Landonio, de 46 y que es el entrenador de tenis del exfutbolista, cedieron en apenas 42 minutos ante la pareja integrada por el polaco Tomasz Bednarek y el holand\u00e9s David Pel, ambos mucho m\u00e1s curtidos en el circuito ten\u00edstico.<\/p>\n<p>As\u00ed, Bednarek, de 35 a\u00f1os y que ha llegado a estar en la posici\u00f3n 44 (14 de abril de 2014) en el r\u00e1nking mundial en la categor\u00eda de dobles (actualmente es el 202), cuenta en su palmar\u00e9s con 17 t\u00edtulos de la categor\u00eda ATP Challenger Series y ha disputado 4 finales en la ATP World Tour.<\/p>\n<p style=\"text-align: center;\"><span style=\"color: #3366ff;\"><a style=\"color: #3366ff;\" href=\"https:\/\/www.futboltotal.com.mx\/2017\/06\/politico-ruso-pidio-golpear-a-zhirkov-tras-expulsion-ante-mexico\/\">VER M\u00c1S: Pol\u00edtico ruso pidi\u00f3 golpear a Zhirkov tras expulsi\u00f3n ante M\u00e9xico<\/a><\/span><\/p>\n<p>David Pel, de 25 a\u00f1os, es actualmente el 215 mundial en la categor\u00eda de dobles, teniendo como mejor posici\u00f3n en su carrera la 190 (28 noviembre de 2016).<\/p>\n<p><strong>Maldini<\/strong> y Landonio, este \u00faltimo exjugador de tenis, lograron su acceso al Challenger de Mil\u00e1n (segunda categor\u00eda ATP) tras ganar el 18 del presente junio el milan\u00e9s Aspria Tennis Cup, cuyo premio concede una plaza de invitaci\u00f3n al torneo de dobles.<\/p>\n<p>En su debut en el tenis profesional, en octavos de final y sobre tierra batida, <strong>Maldini<\/strong>, que no cuenta con r\u00e1nking oficial, vio como su presencia reun\u00eda en los aleda\u00f1os de la pista a un mayor n\u00famero de aficionados de lo habitual.<\/p>\n<p><strong>Maldini<\/strong>, con un excelente palmar\u00e9s en su carrera de futbolista, con 26 trofeos (siete ligas italiana y cinco Ligas de Campeones) en su haber, y uno de los &#8220;s\u00edmbolos&#8221; del Milan y de la selecci\u00f3n italiana (126 presencias, subcampe\u00f3n mundial en 1994, y subcampe\u00f3n europeo en 2000), sin duda, se mostr\u00f3 m\u00e1s nervioso que cuando ejerc\u00eda su magisterio sobre el verde c\u00e9sped.<\/p>\n<p style=\"text-align: center;\"><span style=\"color: #3366ff;\"><a style=\"color: #3366ff;\" href=\"https:\/\/www.futboltotal.com.mx\/2017\/06\/julio-cesar-chavez-revela-amenaza-secuestro-tijuana-pedi-apoyo-hacen-pendejos\/\">VER M\u00c1S: Ch\u00e1vez revela amenaza de secuestro: \u201cPed\u00ed apoyo, se hacen pendej\u2026\u201d<\/a><\/span><\/p>\n<p>Pese a ello, levant\u00f3 aplausos con algunos golpes de m\u00e9rito entre los presentes. EFE.<\/p>\n","protected":false},"excerpt":{"rendered":"<p>El hist\u00f3rico italiano no pudo triunfar en su debut.<\/p>\n","protected":false},"author":144,"featured_media":484234,"comment_status":"closed","ping_status":"closed","sticky":false,"template":"","format":"standard","meta":[],"categories":[1],"tags":[5460,3895],"_links":{"self":[{"href":"http:\/\/desarrollo.grupomedios.com\/futbol\/wp-json\/wp\/v2\/posts\/485514"}],"collection":[{"href":"http:\/\/desarrollo.grupomedios.com\/futbol\/wp-json\/wp\/v2\/posts"}],"about":[{"href":"http:\/\/desarrollo.grupomedios.com\/futbol\/wp-json\/wp\/v2\/types\/post"}],"author":[{"embeddable":true,"href":"http:\/\/desarrollo.grupomedios.com\/futbol\/wp-json\/wp\/v2\/users\/144"}],"replies":[{"embeddable":true,"href":"http:\/\/desarrollo.grupomedios.com\/futbol\/wp-json\/wp\/v2\/comments?post=485514"}],"version-history":[{"count":1,"href":"http:\/\/desarrollo.grupomedios.com\/futbol\/wp-json\/wp\/v2\/posts\/485514\/revisions"}],"predecessor-version":[{"id":485523,"href":"http:\/\/desarrollo.grupomedios.com\/futbol\/wp-json\/wp\/v2\/posts\/485514\/revisions\/485523"}],"wp:featuredmedia":[{"embeddable":true,"href":"http:\/\/desarrollo.grupomedios.com\/futbol\/wp-json\/wp\/v2\/media\/484234"}],"wp:attachment":[{"href":"http:\/\/desarrollo.grupomedios.com\/futbol\/wp-json\/wp\/v2\/media?parent=485514"}],"wp:term":[{"taxonomy":"category","embeddable":true,"href":"http:\/\/desarrollo.grupomedios.com\/futbol\/wp-json\/wp\/v2\/categories?post=485514"},{"taxonomy":"post_tag","embeddable":true,"href":"http:\/\/desarrollo.grupomedios.com\/futbol\/wp-json\/wp\/v2\/tags?post=485514"}],"curies":[{"name":"wp","href":"https:\/\/api.w.org\/{rel}","templated":true}]}}