{"id":485524,"date":"2017-06-27T14:30:45","date_gmt":"2017-06-27T19:30:45","guid":{"rendered":"https:\/\/www.futboltotal.com.mx\/?p=485524"},"modified":"2017-06-27T15:17:26","modified_gmt":"2017-06-27T20:17:26","slug":"maradona-luis-enrique-no-fueron-invitados-boda-messi","status":"publish","type":"post","link":"http:\/\/desarrollo.grupomedios.com\/futbol\/futbol-internacional\/maradona-luis-enrique-no-fueron-invitados-boda-messi\/2017\/06","title":{"rendered":"Maradona y Luis Enrique no fueron invitados a la boda de Messi"},"content":{"rendered":"<p><a href=\"https:\/\/www.futboltotal.com.mx\/2017\/06\/medios-acusan-a-messi-de-ocultar-fondos-fundacion\/\" target=\"_blank\" rel=\"noopener noreferrer\"><span style=\"color: #333399;\"><strong>Lionel Messi<\/strong> <\/span><\/a>contraer\u00e1 nupcias con <a href=\"https:\/\/www.futboltotal.com.mx\/2017\/05\/messi-pone-fecha-a-su-boda-con-antonella\/\" target=\"_blank\" rel=\"noopener noreferrer\"><span style=\"color: #333399;\"><strong>Antonella Racuzzo<\/strong><\/span><\/a> el pr\u00f3ximo viernes 30 de junio en <strong>Rosario, Argentina<\/strong>, con la presencia de 260 invitados.<\/p>\n<p>Sin embargo, <em>La Pulga<\/em> se olvid\u00f3 de invitar a <a href=\"https:\/\/www.futboltotal.com.mx\/2017\/06\/maradona-sorprende-quisiera-que-cristiano-fuera-argentino\/\" target=\"_blank\" rel=\"noopener noreferrer\"><span style=\"color: #333399;\"><strong>Diego Armando Maradona<\/strong><\/span><\/a> y a <a href=\"https:\/\/www.futboltotal.com.mx\/2017\/06\/luis-enrique-se-perfila-banquillo-del-chelsea\/\" target=\"_blank\" rel=\"noopener noreferrer\"><span style=\"color: #333399;\"><strong>Luis Enrique<\/strong><\/span><\/a>, ext\u00e9cnico del <a href=\"https:\/\/www.futboltotal.com.mx\/2017\/06\/real-madrid-ficharia-a-delantero-surgido-del-barcelona\/\" target=\"_blank\" rel=\"noopener noreferrer\"><span style=\"color: #333399;\"><strong>FC Barcelona<\/strong><\/span><\/a>, quienes s\u00ed fueron considerados en la lista de invitados fueron los 22 elementos del conjunto <em>Cul\u00e9<\/em>: <strong>Ter Stegen, <a href=\"https:\/\/www.futboltotal.com.mx\/2017\/06\/pique-asinga-emojis-a-companeros-del-barcelona\/\" target=\"_blank\" rel=\"noopener noreferrer\"><span style=\"color: #333399;\">Gerard Piqu\u00e9<\/span><\/a>, Iv\u00e1n Rakitic, Sergio Busquets, Denis Su\u00e1rez, Arda Tur\u00e1n, Andr\u00e9s Iniesta, Luis Su\u00e1rez, <a href=\"https:\/\/www.futboltotal.com.mx\/2017\/06\/neymar-anuncia-fin-noviazgo-bruna-marquezine\/\" target=\"_blank\" rel=\"noopener noreferrer\"><span style=\"color: #333399;\">Neymar<\/span><\/a>, Rafinha, Jasper Cilessen, Javier Mascherano, Paco Alc\u00e1cer, Jordi Alba, Lucas Digne, Sergio Roberto, Andr\u00e9 Gomes, Aleix Vidal, Samuel Umtiti, Jer\u00e9my Mathieu<\/strong> y <strong>Jordi Masip.<\/strong><\/p>\n<p style=\"text-align: center;\"><a href=\"https:\/\/www.futboltotal.com.mx\/2017\/06\/paolo-maldini-cayo-en-debut-en-tenis-profesional\/\" target=\"_blank\" rel=\"noopener noreferrer\"><span style=\"color: #333399;\">VER M\u00c1S:\u00a0Paolo Maldini cay\u00f3 en su debut en el tenis profesional<\/span><\/a><\/p>\n<p>Otros de los ausentes ser\u00e1n<a href=\"https:\/\/www.futboltotal.com.mx\/2017\/06\/guardiola-quiere-a-iniesta-manchester-city\/\" target=\"_blank\" rel=\"noopener noreferrer\"><span style=\"color: #333399;\"><strong> Andr\u00e9s Iniesta<\/strong><\/span><\/a>, quien desde semanas atr\u00e1s le avis\u00f3 al argentino que no podr\u00eda asistir debido al reciente nacimiento de su hijo, <strong>Piqu\u00e9<\/strong>\u00a0era otro de los elementos blaugranas que se especulaba no asistir\u00eda a la uni\u00f3n del argentino y su novia por los posibles conflictos entre\u00a0<strong>Shakira<\/strong>\u00a0y\u00a0<strong>Racuzzo, <\/strong>sin embargo, el central espa\u00f1ol ya confirm\u00f3 su asistencia.<\/p>\n<p>Por otra parte, <em>Lio<\/em> tambi\u00e9n tom\u00f3 en cuenta a sus compa\u00f1eros de la <strong>Selecci\u00f3n de Argentina<\/strong>: <strong>Sergio Ag\u00fcero, Ezequiel Lavezzi,<\/strong> y <strong>\u00c1ngel Di Mar\u00eda.<\/strong><\/p>\n<p style=\"text-align: center;\"><a href=\"https:\/\/www.futboltotal.com.mx\/2017\/06\/18-mexicanos-en-lista-500-judadores-del-orbe\/\" target=\"_blank\" rel=\"noopener noreferrer\"><span style=\"color: #333399;\">VER M\u00c1S:\u00a0M\u00e9xico aporta 18 jugadores al top 500 de los m\u00e1s importantes del orbe<\/span><\/a><\/p>\n","protected":false},"excerpt":{"rendered":"<p>Maradona y Luis Enrique no fueron solicitados a la boda de Messi<\/p>\n","protected":false},"author":20,"featured_media":485533,"comment_status":"closed","ping_status":"closed","sticky":false,"template":"","format":"standard","meta":[],"categories":[5419,3839],"tags":[6052,2020,9151,690,6325,1083,6015,5132,4051,6016,248,6001,5992,2005],"_links":{"self":[{"href":"http:\/\/desarrollo.grupomedios.com\/futbol\/wp-json\/wp\/v2\/posts\/485524"}],"collection":[{"href":"http:\/\/desarrollo.grupomedios.com\/futbol\/wp-json\/wp\/v2\/posts"}],"about":[{"href":"http:\/\/desarrollo.grupomedios.com\/futbol\/wp-json\/wp\/v2\/types\/post"}],"author":[{"embeddable":true,"href":"http:\/\/desarrollo.grupomedios.com\/futbol\/wp-json\/wp\/v2\/users\/20"}],"replies":[{"embeddable":true,"href":"http:\/\/desarrollo.grupomedios.com\/futbol\/wp-json\/wp\/v2\/comments?post=485524"}],"version-history":[{"count":3,"href":"http:\/\/desarrollo.grupomedios.com\/futbol\/wp-json\/wp\/v2\/posts\/485524\/revisions"}],"predecessor-version":[{"id":485555,"href":"http:\/\/desarrollo.grupomedios.com\/futbol\/wp-json\/wp\/v2\/posts\/485524\/revisions\/485555"}],"wp:featuredmedia":[{"embeddable":true,"href":"http:\/\/desarrollo.grupomedios.com\/futbol\/wp-json\/wp\/v2\/media\/485533"}],"wp:attachment":[{"href":"http:\/\/desarrollo.grupomedios.com\/futbol\/wp-json\/wp\/v2\/media?parent=485524"}],"wp:term":[{"taxonomy":"category","embeddable":true,"href":"http:\/\/desarrollo.grupomedios.com\/futbol\/wp-json\/wp\/v2\/categories?post=485524"},{"taxonomy":"post_tag","embeddable":true,"href":"http:\/\/desarrollo.grupomedios.com\/futbol\/wp-json\/wp\/v2\/tags?post=485524"}],"curies":[{"name":"wp","href":"https:\/\/api.w.org\/{rel}","templated":true}]}}