{"id":485537,"date":"2017-06-27T14:57:45","date_gmt":"2017-06-27T19:57:45","guid":{"rendered":"https:\/\/www.futboltotal.com.mx\/?p=485537"},"modified":"2017-06-27T14:59:07","modified_gmt":"2017-06-27T19:59:07","slug":"paul-mccartney-tocara-en-estadio-la-liga-mx","status":"publish","type":"post","link":"http:\/\/desarrollo.grupomedios.com\/futbol\/cambio-de-juego\/paul-mccartney-tocara-en-estadio-la-liga-mx\/2017\/06","title":{"rendered":"Paul McCartney tocar\u00e1 en estadio de la Liga MX"},"content":{"rendered":"<p>El exintegrante de <strong>The Beatles<\/strong>, <strong>Paul MacCartney<\/strong>, volver\u00e1 a la <strong>Ciudad de M\u00e9xico<\/strong> con su gira &#8216;One On One&#8217; y lo har\u00e1 en la m\u00edtica cancha del <a href=\"https:\/\/www.futboltotal.com.mx\/2017\/06\/cruz-azul-descarta-quedarse-en-azteca-en-vez-construir-estadio\/\" target=\"_blank\" rel=\"noopener noreferrer\"><span style=\"color: #333399;\"><strong>Estadio Azteca.<\/strong><\/span><\/a><\/p>\n<p style=\"text-align: center;\"><a href=\"https:\/\/www.futboltotal.com.mx\/2017\/06\/hackean-cuenta-twitter-jimena-sanchez\/\" target=\"_blank\" rel=\"noopener noreferrer\"><span style=\"color: #333399;\">VER M\u00c1S:\u00a0\u00a1Hackean cuenta de Twitter de Jimena S\u00e1nchez!<\/span><\/a><\/p>\n<p><em>Sir Paul<\/em> se presentar\u00e1 en el <em>Coloso de Santa \u00darsula<\/em> el pr\u00f3ximo 28 de octubre, luego de un lustro de no pisar suelo <strong>Azteca<\/strong> tras su \u00faltima visita cuando se present\u00f3 en el <strong>Z\u00f3calo<\/strong> capitalino ante 250 mil fans en mayo de 2012.<\/p>\n<p style=\"text-align: center;\"><a href=\"https:\/\/www.futboltotal.com.mx\/2017\/06\/maradona-luis-enrique-no-fueron-invitados-boda-messi\/\" target=\"_blank\" rel=\"noopener noreferrer\"><span style=\"color: #333399;\">VER M\u00c1S:\u00a0Maradona y Luis Enrique no fueron invitados a la boda de Messi<\/span><\/a><\/p>\n<p>Los boletos del concierto saldr\u00e1n a la venta el pr\u00f3ximo 6 de julio para el p\u00fablico en general, mientras que la preventa exclusiva ser\u00e1 los d\u00edas 4 y 5 de julio.<\/p>\n<p>&nbsp;<\/p>\n<blockquote class=\"twitter-tweet\" data-lang=\"es\">\n<p dir=\"ltr\" lang=\"es\"><a href=\"https:\/\/twitter.com\/hashtag\/ShowOCESA?src=hash\">#ShowOCESA<\/a><a href=\"https:\/\/twitter.com\/PaulMcCartney\">@PaulMcCartney<\/a> en el <a href=\"https:\/\/twitter.com\/EstadioAzteca\">@EstadioAzteca<\/a>: 28 de octubre.<br \/>\nPreventa <a href=\"https:\/\/twitter.com\/Citibanamex\">@Citibanamex<\/a>: 4 y 5 de julio.<\/p>\n<p>M\u00e1s info: <a href=\"https:\/\/t.co\/sh9cJOPtD0\">https:\/\/t.co\/sh9cJOPtD0<\/a> <a href=\"https:\/\/t.co\/coZjc9BS6g\">pic.twitter.com\/coZjc9BS6g<\/a><\/p>\n<p>\u2014 Ocesa Rock (@ocesa_rock) <a href=\"https:\/\/twitter.com\/ocesa_rock\/status\/879761277505196032\">27 de junio de 2017<\/a><\/p><\/blockquote>\n<p><script async src=\"\/\/platform.twitter.com\/widgets.js\" charset=\"utf-8\"><\/script><\/p>\n","protected":false},"excerpt":{"rendered":"<p>McCartney vuelve a M\u00e9xico con su gira One On One<\/p>\n","protected":false},"author":20,"featured_media":485542,"comment_status":"closed","ping_status":"closed","sticky":false,"template":"","format":"standard","meta":[],"categories":[5419],"tags":[1818,554,9170,9171,9172],"_links":{"self":[{"href":"http:\/\/desarrollo.grupomedios.com\/futbol\/wp-json\/wp\/v2\/posts\/485537"}],"collection":[{"href":"http:\/\/desarrollo.grupomedios.com\/futbol\/wp-json\/wp\/v2\/posts"}],"about":[{"href":"http:\/\/desarrollo.grupomedios.com\/futbol\/wp-json\/wp\/v2\/types\/post"}],"author":[{"embeddable":true,"href":"http:\/\/desarrollo.grupomedios.com\/futbol\/wp-json\/wp\/v2\/users\/20"}],"replies":[{"embeddable":true,"href":"http:\/\/desarrollo.grupomedios.com\/futbol\/wp-json\/wp\/v2\/comments?post=485537"}],"version-history":[{"count":3,"href":"http:\/\/desarrollo.grupomedios.com\/futbol\/wp-json\/wp\/v2\/posts\/485537\/revisions"}],"predecessor-version":[{"id":485545,"href":"http:\/\/desarrollo.grupomedios.com\/futbol\/wp-json\/wp\/v2\/posts\/485537\/revisions\/485545"}],"wp:featuredmedia":[{"embeddable":true,"href":"http:\/\/desarrollo.grupomedios.com\/futbol\/wp-json\/wp\/v2\/media\/485542"}],"wp:attachment":[{"href":"http:\/\/desarrollo.grupomedios.com\/futbol\/wp-json\/wp\/v2\/media?parent=485537"}],"wp:term":[{"taxonomy":"category","embeddable":true,"href":"http:\/\/desarrollo.grupomedios.com\/futbol\/wp-json\/wp\/v2\/categories?post=485537"},{"taxonomy":"post_tag","embeddable":true,"href":"http:\/\/desarrollo.grupomedios.com\/futbol\/wp-json\/wp\/v2\/tags?post=485537"}],"curies":[{"name":"wp","href":"https:\/\/api.w.org\/{rel}","templated":true}]}}