{"id":485575,"date":"2017-06-27T16:36:41","date_gmt":"2017-06-27T21:36:41","guid":{"rendered":"https:\/\/www.futboltotal.com.mx\/?p=485575"},"modified":"2017-06-27T16:36:41","modified_gmt":"2017-06-27T21:36:41","slug":"dani-alves-se-despidio-la-juventus-se-disculpo-la-aficion","status":"publish","type":"post","link":"http:\/\/desarrollo.grupomedios.com\/futbol\/futbol-internacional\/dani-alves-se-despidio-la-juventus-se-disculpo-la-aficion\/2017\/06","title":{"rendered":"Dani Alves se despidi\u00f3 de la Juventus y se disculp\u00f3 con la afici\u00f3n"},"content":{"rendered":"<p>El brasile\u00f1o<strong> Dani Alves<\/strong> se despidi\u00f3 este martes del <strong>Juventus<\/strong> con un mensaje en su cuenta de Instagram en el que asegur\u00f3 que nunca quiso ofender a su hinchada, refiri\u00e9ndose a las pol\u00e9micas de las \u00faltimas semanas por algunas controvertidas declaraciones suyas.<\/p>\n<p><strong>Alves<\/strong>, que decidi\u00f3 acordar con el Juventus una rescisi\u00f3n de contrato con un a\u00f1o de antelaci\u00f3n con respecto al acuerdo inicial, subray\u00f3 que, aunque no sea perfecto, su &#8220;coraz\u00f3n es puro&#8221; y mostr\u00f3 su agradecimiento a la afici\u00f3n, los compa\u00f1eros y a los directivos del club turin\u00e9s.<\/p>\n<p>&#8220;Pido perd\u00f3n a los aficionados del Juventus si en alg\u00fan momento pensaron que hice alguna cosa para ofenderles, nunca jam\u00e1s tuve esa intenci\u00f3n, apenas tengo una forma de vivir las cosas espont\u00e1neamente que pocos entienden&#8221;, public\u00f3 <strong>Dani Alves<\/strong>.<\/p>\n<p style=\"text-align: center;\"><span style=\"color: #3366ff;\"><a style=\"color: #3366ff;\" href=\"https:\/\/www.futboltotal.com.mx\/2017\/06\/hackean-cuenta-twitter-jimena-sanchez\/\">VER M\u00c1S: \u00a1Hackean cuenta de Twitter de Jimena S\u00e1nchez!<\/a><\/span><\/p>\n<p>El brasile\u00f1o gener\u00f3 pol\u00e9micas por una reciente entrevista en la que aconsejaba al argentino Paulo Dybala irse del Juventus para mejorar y por haber publicado en sus redes sociales una foto de las botas con las que gan\u00f3 la Liga de Campeones en 2015, cuando vest\u00eda la camiseta del Barcelona y gan\u00f3 al propio equipo turin\u00e9s.<\/p>\n<p>A pesar de eso, Alves insisti\u00f3 en el hecho de que est\u00e1 agradecido con el trato recibido en el Juventus, con el que gan\u00f3 el t\u00edtulo liguero y la Copa Italia.<\/p>\n<p>&#8220;Me gustar\u00eda agradecer a todos los &#8216;tifosi&#8217; del Juventus por el a\u00f1o vivido, a los compa\u00f1eros por acogerme y a los profesionales que son, es por ellos que ese club gana y llega a las finales&#8221;, se lee en el mensaje del exjugador del Barcelona.<\/p>\n<p>El brasile\u00f1o dio las gracias al consejero delegado del Juventus, Giuseppe Marotta, y cerr\u00f3 su mensaje declarando su amor por el f\u00fatbol.<\/p>\n<p>&#8220;Yo amo el f\u00fatbol y el dinero jam\u00e1s va me retener en alg\u00fan lugar. \u00a1Muchas gracias!&#8221;, concluy\u00f3. EFE<\/p>\n<p style=\"text-align: center;\"><span style=\"color: #3366ff;\"><a style=\"color: #3366ff;\" href=\"https:\/\/www.futboltotal.com.mx\/2017\/06\/reyes-acompanaria-a-chicharito-en-leverkusen\/\">VER M\u00c1S: Diego Reyes podr\u00eda unirse a Chicharito en el Leverkusen<\/a><\/span><\/p>\n<blockquote class=\"instagram-media\" style=\"background: #FFF; border: 0; border-radius: 3px; box-shadow: 0 0 1px 0 rgba(0,0,0,0.5),0 1px 10px 0 rgba(0,0,0,0.15); margin: 1px; max-width: 658px; padding: 0; width: calc(100% - 2px);\" data-instgrm-captioned=\"\" data-instgrm-version=\"7\">\n<div style=\"padding: 8px;\">\n<div style=\"background: #F8F8F8; line-height: 0; margin-top: 40px; padding: 50.0% 0; text-align: center; width: 100%;\"><\/div>\n<p style=\"margin: 8px 0 0 0; padding: 0 4px;\"><a style=\"color: #000; font-family: Arial,sans-serif; font-size: 14px; font-style: normal; font-weight: normal; line-height: 17px; text-decoration: none; word-wrap: break-word;\" href=\"https:\/\/www.instagram.com\/p\/BV2nx6Dgl5I\/\" target=\"_blank\" rel=\"noopener noreferrer\">Me gustar\u00eda agradecer a todos los TIFOSI DE LA JUVENTUS por el a\u00f1o vivido, A LOS COMPA\u00d1EROS POR ACOGERME Y A LOS PROFESIONALES QUE SON, POR ELLOS QUE ESE CLUB GANA Y LLEGA A FINALES. Creo que mi respecto a ese club y su afici\u00f3n fue minha dedicaci\u00f3n, mi entrega, mi pasi\u00f3n y todo mi esfuerzo para hacer de ese club, un club m\u00e1s grande cada d\u00eda. Pido perd\u00f3n a los aficionados de la Juventus si alg\u00fan momento pensaron que hice alguna cosa para ofenderles, nunca jam\u00e1s tuve esa intenci\u00f3n, apenas tengo una forma de vivir las cosas espont\u00e1neamente QUE pocos lo entienden&#8230; aunque parezca no soy perfecto, pero mi coraz\u00f3n es puro. Hoy finaliza nuestra relaci\u00f3n profesional y llevar\u00e9 conmigo todos los que hacen de verdad y de coraz\u00f3n la Juve un grande club. Como saben yo siempre peco por decir lo que pienso y lo que siento&#8230;. yo siento que debo decir gracias al se\u00f1or MAROTA por la oportunidad que te di de tener um grande profesional e alguien que ama su profesi\u00f3n como el que m\u00e1s&#8230;. no juego al f\u00fatbol por dinero, juego al f\u00fatbol porque amo essa profesi\u00f3n y respecto a los que forman parte de ella. Dejare que tu aproveches lo que he trabajado para que tu hagas muchos a\u00f1os de vacaciones. Yo AMO EL F\u00daTBOL y dinero jam\u00e1s va me retener en alg\u00fan lugar. MUCHAS GRACIAS! #TAMOACTIVOPANITA<\/a><\/p>\n<p style=\"color: #c9c8cd; font-family: Arial,sans-serif; font-size: 14px; line-height: 17px; margin-bottom: 0; margin-top: 8px; overflow: hidden; padding: 8px 0 7px; text-align: center; text-overflow: ellipsis; white-space: nowrap;\">A post shared by DanialvesD2 My Twitter (@danialves23) on <time style=\"font-family: Arial,sans-serif; font-size: 14px; line-height: 17px;\" datetime=\"2017-06-27T18:42:07+00:00\">Jun 27, 2017 at 11:42am PDT<\/time><\/p>\n<\/div>\n<\/blockquote>\n<p><script async defer src=\"\/\/platform.instagram.com\/en_US\/embeds.js\"><\/script><\/p>\n","protected":false},"excerpt":{"rendered":"<p>Alves podr\u00eda llegar al Manchester City.<\/p>\n","protected":false},"author":144,"featured_media":481916,"comment_status":"closed","ping_status":"closed","sticky":false,"template":"","format":"standard","meta":[],"categories":[3839],"tags":[5983,6214,5999],"_links":{"self":[{"href":"http:\/\/desarrollo.grupomedios.com\/futbol\/wp-json\/wp\/v2\/posts\/485575"}],"collection":[{"href":"http:\/\/desarrollo.grupomedios.com\/futbol\/wp-json\/wp\/v2\/posts"}],"about":[{"href":"http:\/\/desarrollo.grupomedios.com\/futbol\/wp-json\/wp\/v2\/types\/post"}],"author":[{"embeddable":true,"href":"http:\/\/desarrollo.grupomedios.com\/futbol\/wp-json\/wp\/v2\/users\/144"}],"replies":[{"embeddable":true,"href":"http:\/\/desarrollo.grupomedios.com\/futbol\/wp-json\/wp\/v2\/comments?post=485575"}],"version-history":[{"count":1,"href":"http:\/\/desarrollo.grupomedios.com\/futbol\/wp-json\/wp\/v2\/posts\/485575\/revisions"}],"predecessor-version":[{"id":485578,"href":"http:\/\/desarrollo.grupomedios.com\/futbol\/wp-json\/wp\/v2\/posts\/485575\/revisions\/485578"}],"wp:featuredmedia":[{"embeddable":true,"href":"http:\/\/desarrollo.grupomedios.com\/futbol\/wp-json\/wp\/v2\/media\/481916"}],"wp:attachment":[{"href":"http:\/\/desarrollo.grupomedios.com\/futbol\/wp-json\/wp\/v2\/media?parent=485575"}],"wp:term":[{"taxonomy":"category","embeddable":true,"href":"http:\/\/desarrollo.grupomedios.com\/futbol\/wp-json\/wp\/v2\/categories?post=485575"},{"taxonomy":"post_tag","embeddable":true,"href":"http:\/\/desarrollo.grupomedios.com\/futbol\/wp-json\/wp\/v2\/tags?post=485575"}],"curies":[{"name":"wp","href":"https:\/\/api.w.org\/{rel}","templated":true}]}}