{"id":485586,"date":"2017-06-28T11:50:42","date_gmt":"2017-06-28T16:50:42","guid":{"rendered":"https:\/\/www.futboltotal.com.mx\/?p=485586"},"modified":"2017-06-28T15:56:41","modified_gmt":"2017-06-28T20:56:41","slug":"en-vivo-online-portugal-vs-chile-copa-confederaciones","status":"publish","type":"post","link":"http:\/\/desarrollo.grupomedios.com\/futbol\/futbol-internacional\/en-vivo-online-portugal-vs-chile-copa-confederaciones\/2017\/06","title":{"rendered":"AS\u00cd SE VIVI\u00d3 | Portugal vs Chile | Copa Confederaciones Semifinales"},"content":{"rendered":"<p style=\"text-align: center;\"><span style=\"color: #333399;\"><a style=\"color: #333399;\" href=\"https:\/\/en-vivo.futboltotal.com.mx\/partido\/portugal-vs-chile-copa-confederaciones-2017\/124\/\" target=\"_blank\" rel=\"noopener noreferrer\">DA CLICK AQU\u00cd Y SIGUE EN VIVO EL PORTUGAL VS CHILE<\/a><\/span><\/p>\n<p>La primera semifinal de la <strong>Copa Confederaciones<\/strong>\u00a0de Rusia 2017 tiene como protagonistas a <strong>Chile<\/strong> y <strong>Portugal<\/strong>, quienes buscar\u00e1n llegar al duelo por el t\u00edtulo.<\/p>\n<p><strong>Chile<\/strong> llega clasific\u00e1ndose en la segunda posici\u00f3n del Grupo B, gan\u00e1ndole a <strong>Camer\u00fan<\/strong> y empatando con <strong>Alemania<\/strong> y <strong>Australia<\/strong> para terminar la primera fase con un total de 5 puntos.<\/p>\n<p style=\"text-align: center;\"><span style=\"color: #333399;\"><a style=\"color: #333399;\" href=\"https:\/\/en-vivo.futboltotal.com.mx\/partido\/portugal-vs-chile-copa-confederaciones-2017\/124\/\" target=\"_blank\" rel=\"noopener noreferrer\">DA CLICK AQU\u00cd Y SIGUE EN VIVO EL PORTUGAL VS CHILE<\/a><\/span><\/p>\n<p>Por su parte, <strong>Portugal<\/strong> se clasific\u00f3 primero en el Grupo A, empat\u00f3 con <strong>M\u00e9xico<\/strong> y obtuvo victorias ante <strong>Rusia<\/strong> y <strong>Nueva Zelanda<\/strong> para culminar con 7 puntos.<\/p>\n<p>El encuentro se llevar\u00e1 a cabo en la Kaz\u00e1n Arena y definir\u00e1 al primer finalista de la competencia, el cual tendr\u00e1 que esperar el resultado de la otra llave entre <strong>Alemania<\/strong> y <strong>M\u00e9xico<\/strong>.<\/p>\n<p style=\"text-align: center;\"><span style=\"color: #333399;\"><a style=\"color: #333399;\" href=\"https:\/\/en-vivo.futboltotal.com.mx\/partido\/portugal-vs-chile-copa-confederaciones-2017\/124\/\" target=\"_blank\" rel=\"noopener noreferrer\">DA CLICK AQU\u00cd Y SIGUE EN VIVO EL PORTUGAL VS CHILE<\/a><\/span><\/p>\n","protected":false},"excerpt":{"rendered":"<p>Se definir\u00e1 el primer finalista de la Copa Confederaciones; los andinos buscar\u00e1n frenar a CR7.<\/p>\n","protected":false},"author":20,"featured_media":485718,"comment_status":"closed","ping_status":"closed","sticky":false,"template":"","format":"standard","meta":[],"categories":[3868,3839],"tags":[406,1580,6013,715,8853],"_links":{"self":[{"href":"http:\/\/desarrollo.grupomedios.com\/futbol\/wp-json\/wp\/v2\/posts\/485586"}],"collection":[{"href":"http:\/\/desarrollo.grupomedios.com\/futbol\/wp-json\/wp\/v2\/posts"}],"about":[{"href":"http:\/\/desarrollo.grupomedios.com\/futbol\/wp-json\/wp\/v2\/types\/post"}],"author":[{"embeddable":true,"href":"http:\/\/desarrollo.grupomedios.com\/futbol\/wp-json\/wp\/v2\/users\/20"}],"replies":[{"embeddable":true,"href":"http:\/\/desarrollo.grupomedios.com\/futbol\/wp-json\/wp\/v2\/comments?post=485586"}],"version-history":[{"count":7,"href":"http:\/\/desarrollo.grupomedios.com\/futbol\/wp-json\/wp\/v2\/posts\/485586\/revisions"}],"predecessor-version":[{"id":485742,"href":"http:\/\/desarrollo.grupomedios.com\/futbol\/wp-json\/wp\/v2\/posts\/485586\/revisions\/485742"}],"wp:featuredmedia":[{"embeddable":true,"href":"http:\/\/desarrollo.grupomedios.com\/futbol\/wp-json\/wp\/v2\/media\/485718"}],"wp:attachment":[{"href":"http:\/\/desarrollo.grupomedios.com\/futbol\/wp-json\/wp\/v2\/media?parent=485586"}],"wp:term":[{"taxonomy":"category","embeddable":true,"href":"http:\/\/desarrollo.grupomedios.com\/futbol\/wp-json\/wp\/v2\/categories?post=485586"},{"taxonomy":"post_tag","embeddable":true,"href":"http:\/\/desarrollo.grupomedios.com\/futbol\/wp-json\/wp\/v2\/tags?post=485586"}],"curies":[{"name":"wp","href":"https:\/\/api.w.org\/{rel}","templated":true}]}}