{"id":485607,"date":"2017-06-27T19:13:34","date_gmt":"2017-06-28T00:13:34","guid":{"rendered":"https:\/\/www.futboltotal.com.mx\/?p=485607"},"modified":"2017-06-27T19:14:38","modified_gmt":"2017-06-28T00:14:38","slug":"maduro-llama-malagradecidos-a-la-vinotinto-sub-20","status":"publish","type":"post","link":"http:\/\/desarrollo.grupomedios.com\/futbol\/futbol-internacional\/maduro-llama-malagradecidos-a-la-vinotinto-sub-20\/2017\/06","title":{"rendered":"Maduro llama malagradecidos a la Vinotinto Sub-20"},"content":{"rendered":"<p><span style=\"color: #333333;\"><span style=\"font-family: Georgia, 'Times New Roman', 'Bitstream Charter', Times, serif;\"><span style=\"font-size: medium;\">El presidente de\u00a0<\/span><\/span><\/span><strong><span style=\"color: #333333;\"><span style=\"font-family: Georgia, 'Times New Roman', 'Bitstream Charter', Times, serif;\"><span style=\"font-size: medium;\"><b><a href=\"https:\/\/www.futboltotal.com.mx\/2017\/06\/inglaterra-acabo-sueno-venezuela-campeon-sub-20\/\" target=\"_blank\" rel=\"noopener noreferrer\"><span style=\"color: #333399;\">Venezuela<\/span><\/a>, Nicol\u00e1s\u00a0Maduro<\/b><\/span><\/span><\/span><\/strong><span style=\"color: #333333;\"><span style=\"font-family: Georgia, 'Times New Roman', 'Bitstream Charter', Times, serif;\"><span style=\"font-size: medium;\">, llam\u00f3 &#8220;malagradecidos&#8221; a quienes excluyen al gobierno de los recientes \u00e9xitos deportivos que ha alcanzado el pa\u00eds, y puso como ejemplo de estos el subcampeonato que obtuvo la &#8220;Vinotinto&#8221; en el\u00a0<\/span><\/span><\/span><span style=\"font-size: medium;\"><a href=\"https:\/\/www.futboltotal.com.mx\/2017\/06\/inglaterra-acabo-sueno-venezuela-campeon-sub-20\/\" target=\"_blank\" rel=\"noopener noreferrer\"><span style=\"color: #333399;\"><strong><span style=\"font-family: Georgia, 'Times New Roman', 'Bitstream Charter', Times, serif;\"><b>Mundial Sub-20<\/b><\/span><\/strong><\/span><\/a><\/span><span style=\"color: #333333;\"><span style=\"font-family: Georgia, 'Times New Roman', 'Bitstream Charter', Times, serif;\"><span style=\"font-size: medium;\">\u00a0de la\u00a0<\/span><\/span><\/span><a href=\"https:\/\/www.futboltotal.com.mx\/2017\/06\/fifa-investiga-a-rusia-por-dopaje\/\" target=\"_blank\" rel=\"noopener noreferrer\"><span style=\"color: #333399;\"><strong><span style=\"font-family: Georgia, 'Times New Roman', 'Bitstream Charter', Times, serif;\"><span style=\"font-size: medium;\"><b>FIFA<\/b><\/span><\/span><\/strong><span style=\"font-family: Georgia, 'Times New Roman', 'Bitstream Charter', Times, serif;\"><span style=\"font-size: medium;\">.<\/span><\/span><\/span><\/a><\/p>\n<p>&#8220;Subcampeones del mundial de f\u00fatbol Sub-20 \u00bfPor qu\u00e9 en el f\u00fatbol vienen a meternos &#8216;no, que ese no es (un logro atribuible) al gobierno&#8217;? Digan lo que a ustedes les d\u00e9 la gana, pero \u00bfPor qu\u00e9 no lo hicieron antes? \u00bfPor qu\u00e9 Venezuela no fue una estrella en el f\u00fatbol mundial en los 50 a\u00f1os anteriores?, dijo el presidente en medio de su programa semanal.<\/p>\n<p style=\"text-align: center;\"><a href=\"https:\/\/www.futboltotal.com.mx\/2017\/06\/ex-jugador-del-veracruz-dirigira-primera-vez-en-paraguay\/\" target=\"_blank\" rel=\"noopener noreferrer\"><span style=\"color: #333399;\">VER M\u00c1S:\u00a0Ex jugador del Veracruz dirigir\u00e1 por primera vez en Paraguay<\/span><\/a><\/p>\n<p><span style=\"color: #333333;\"><span style=\"font-family: Georgia, 'Times New Roman', 'Bitstream Charter', Times, serif;\"><span style=\"font-size: medium;\">&#8220;Malagradecidos les digo a los que opinen as\u00ed, malagradecidos, y tengo moral para decirlo&#8221;, a\u00f1adi\u00f3.<\/span><\/span><\/span><\/p>\n<p><strong><span style=\"color: #333333;\"><span style=\"font-family: Georgia, 'Times New Roman', 'Bitstream Charter', Times, serif;\"><span style=\"font-size: medium;\"><b>Venezuela<\/b><\/span><\/span><\/span><\/strong><span style=\"color: #333333;\"><span style=\"font-family: Georgia, 'Times New Roman', 'Bitstream Charter', Times, serif;\"><span style=\"font-size: medium;\">\u00a0obtuvo el segundo lugar en el\u00a0<\/span><\/span><\/span><strong><span style=\"color: #333333;\"><span style=\"font-family: Georgia, 'Times New Roman', 'Bitstream Charter', Times, serif;\"><span style=\"font-size: medium;\"><b>Mundial Sub-20<\/b><\/span><\/span><\/span><\/strong><span style=\"color: #333333;\"><span style=\"font-family: Georgia, 'Times New Roman', 'Bitstream Charter', Times, serif;\"><span style=\"font-size: medium;\">\u00a0de la\u00a0<\/span><\/span><\/span><strong><span style=\"color: #333333;\"><span style=\"font-family: Georgia, 'Times New Roman', 'Bitstream Charter', Times, serif;\"><span style=\"font-size: medium;\"><b>Fifa<\/b><\/span><\/span><\/span><\/strong><span style=\"color: #333333;\"><span style=\"font-family: Georgia, 'Times New Roman', 'Bitstream Charter', Times, serif;\"><span style=\"font-size: medium;\">\u00a0que se disput\u00f3 en<\/span><\/span><\/span><strong><span style=\"color: #333333;\"><span style=\"font-family: Georgia, 'Times New Roman', 'Bitstream Charter', Times, serif;\"><span style=\"font-size: medium;\">\u00a0<\/span><\/span><\/span><\/strong><strong><span style=\"color: #333333;\"><span style=\"font-family: Georgia, 'Times New Roman', 'Bitstream Charter', Times, serif;\"><span style=\"font-size: medium;\"><b>Corea del Sur<\/b><\/span><\/span><\/span><\/strong><span style=\"color: #333333;\"><span style=\"font-family: Georgia, 'Times New Roman', 'Bitstream Charter', Times, serif;\"><span style=\"font-size: medium;\">, luego de caer por 0-1 en la final del torneo ante la\u00a0<\/span><\/span><\/span><strong><span style=\"color: #333333;\"><span style=\"font-family: Georgia, 'Times New Roman', 'Bitstream Charter', Times, serif;\"><span style=\"font-size: medium;\"><b>Selecci\u00f3n de Inglaterra.<\/b><\/span><\/span><\/span><\/strong><\/p>\n<p><strong><span style=\"color: #333333;\"><span style=\"font-family: Georgia, 'Times New Roman', 'Bitstream Charter', Times, serif;\"><span style=\"font-size: medium;\"><b>Maduro\u00a0<\/b><\/span><\/span><\/span><\/strong><span style=\"color: #333333;\"><span style=\"font-family: Georgia, 'Times New Roman', 'Bitstream Charter', Times, serif;\"><span style=\"font-size: medium;\">se\u00f1al\u00f3 que este logro, sin precedentes en el f\u00fatbol de la naci\u00f3n caribe\u00f1a, se consigui\u00f3 en parte gracias al gobierno venezolano, porque muchos de los jugadores &#8220;salieron de los barrios&#8221; pobres con el apoyo de los planes sociales conocidos como misiones y con educaci\u00f3n p\u00fablica y gratuita.<\/span><\/span><\/span><\/p>\n<p style=\"text-align: center;\"><span style=\"color: #333333;\"><span style=\"font-family: Georgia, 'Times New Roman', 'Bitstream Charter', Times, serif;\"><span style=\"font-size: medium;\"><a href=\"https:\/\/www.futboltotal.com.mx\/2017\/06\/javier-aquino-mantiene-viva-la-oportunidad-ir-a-europa\/\" target=\"_blank\" rel=\"noopener noreferrer\"><span style=\"color: #333399;\">VER M\u00c1S:\u00a0<span class=\"item-title\">Javier Aquino mantiene viva la oportunidad de ir a Europa<\/span><\/span><\/a><\/span><\/span><\/span><\/p>\n<p style=\"text-align: left;\"><span style=\"color: #333333;\"><span style=\"font-family: Georgia, 'Times New Roman', 'Bitstream Charter', Times, serif;\"><span style=\"font-size: medium;\">&#8220;Malagradecidos&#8221;, reiter\u00f3 al tiempo que explic\u00f3 que sus palabras iban dirigidas a quienes se identificaran con ellas. Los dichos de\u00a0<\/span><\/span><\/span><strong><span style=\"color: #333333;\"><span style=\"font-family: Georgia, 'Times New Roman', 'Bitstream Charter', Times, serif;\"><span style=\"font-size: medium;\"><b>Maduro<\/b><\/span><\/span><\/span><\/strong><span style=\"color: #333333;\"><span style=\"font-family: Georgia, 'Times New Roman', 'Bitstream Charter', Times, serif;\"><span style=\"font-size: medium;\">\u00a0surgen en medio de una oleada de protestas a favor y contra su gobierno, y que ya se prolonga por m\u00e1s de dos meses. Algunas de estas manifestaciones se han tornado violentas, y se saldan con la muerte de al menos 75 personas y cientos de heridos y detenidos.<\/span><\/span><\/span><\/p>\n<p>Algunos deportistas venezolanos, como\u00a0<strong><span style=\"color: #333333;\"><span style=\"font-family: Georgia, 'Times New Roman', 'Bitstream Charter', Times, serif;\"><span style=\"font-size: medium;\"><b>Juan Arang<\/b><\/span><\/span><\/span><\/strong><span style=\"color: #333333;\"><span style=\"font-family: Georgia, 'Times New Roman', 'Bitstream Charter', Times, serif;\"><span style=\"font-size: medium;\"><strong>o<\/strong>, considerado el mejor futbolista de todos los tiempos de la naci\u00f3n sudamericana, han expresado cr\u00edticas p\u00fablicas contra el gobierno de\u00a0<\/span><\/span><\/span><strong><span style=\"color: #333333;\"><span style=\"font-family: Georgia, 'Times New Roman', 'Bitstream Charter', Times, serif;\"><span style=\"font-size: medium;\"><b>Maduro<\/b><\/span><\/span><\/span><\/strong><span style=\"color: #333333;\"><span style=\"font-family: Georgia, 'Times New Roman', 'Bitstream Charter', Times, serif;\"><span style=\"font-size: medium;\">, especialmente por la actuaci\u00f3n de las fuerzas del orden p\u00fablico en la contenci\u00f3n de las protestas.\u00a0<\/span><\/span><\/span><\/p>\n","protected":false},"excerpt":{"rendered":"<p>El presidente de Venezuela llam\u00f3 malagradecidos a la Selecci\u00f3n Sub-20<\/p>\n","protected":false},"author":20,"featured_media":485608,"comment_status":"closed","ping_status":"closed","sticky":false,"template":"","format":"standard","meta":[],"categories":[5419,3839],"tags":[125,6105,9179,123,633,9180],"_links":{"self":[{"href":"http:\/\/desarrollo.grupomedios.com\/futbol\/wp-json\/wp\/v2\/posts\/485607"}],"collection":[{"href":"http:\/\/desarrollo.grupomedios.com\/futbol\/wp-json\/wp\/v2\/posts"}],"about":[{"href":"http:\/\/desarrollo.grupomedios.com\/futbol\/wp-json\/wp\/v2\/types\/post"}],"author":[{"embeddable":true,"href":"http:\/\/desarrollo.grupomedios.com\/futbol\/wp-json\/wp\/v2\/users\/20"}],"replies":[{"embeddable":true,"href":"http:\/\/desarrollo.grupomedios.com\/futbol\/wp-json\/wp\/v2\/comments?post=485607"}],"version-history":[{"count":2,"href":"http:\/\/desarrollo.grupomedios.com\/futbol\/wp-json\/wp\/v2\/posts\/485607\/revisions"}],"predecessor-version":[{"id":485610,"href":"http:\/\/desarrollo.grupomedios.com\/futbol\/wp-json\/wp\/v2\/posts\/485607\/revisions\/485610"}],"wp:featuredmedia":[{"embeddable":true,"href":"http:\/\/desarrollo.grupomedios.com\/futbol\/wp-json\/wp\/v2\/media\/485608"}],"wp:attachment":[{"href":"http:\/\/desarrollo.grupomedios.com\/futbol\/wp-json\/wp\/v2\/media?parent=485607"}],"wp:term":[{"taxonomy":"category","embeddable":true,"href":"http:\/\/desarrollo.grupomedios.com\/futbol\/wp-json\/wp\/v2\/categories?post=485607"},{"taxonomy":"post_tag","embeddable":true,"href":"http:\/\/desarrollo.grupomedios.com\/futbol\/wp-json\/wp\/v2\/tags?post=485607"}],"curies":[{"name":"wp","href":"https:\/\/api.w.org\/{rel}","templated":true}]}}