{"id":485625,"date":"2017-06-28T15:05:51","date_gmt":"2017-06-28T20:05:51","guid":{"rendered":"https:\/\/www.futboltotal.com.mx\/?p=485625"},"modified":"2017-06-28T18:06:32","modified_gmt":"2017-06-28T23:06:32","slug":"causa-efecto-guillermo-ochoa","status":"publish","type":"post","link":"http:\/\/desarrollo.grupomedios.com\/futbol\/videos\/causa-efecto-guillermo-ochoa\/2017\/06","title":{"rendered":"Causa y efecto de&#8230; Guillermo Ochoa"},"content":{"rendered":"<p>El portero mexicano, <strong>Guillermo Ochoa<\/strong>, ha disputado dos de los tres encuentros de la <span style=\"color: #ff0000;\"><a style=\"color: #ff0000;\" href=\"http:\/\/www.futboltotal.com.mx\/futbol-mexicano\/seleccion-mexicana\/\" target=\"_blank\" rel=\"noopener noreferrer\">Selecci\u00f3n Mexicana<\/a><\/span> en la Copa Confederaciones de Rusia 2017, torneo en donde busca demostrar que es un gran guardameta; pues a lo largo de su carrera, ha tenido poca confianza de entrenadores de diversos clubes, que lo han relegado, por otro portero.<\/p>\n<p style=\"text-align: center;\"><span style=\"color: #3366ff;\"><a style=\"color: #3366ff;\" href=\"https:\/\/www.futboltotal.com.mx\/2017\/06\/christian-cueva-ultimo-refuerzo-cruz-azul\/\" target=\"_blank\" rel=\"noopener noreferrer\"><strong>VER M\u00c1S: Christian Cueva jugar\u00eda con Cruz Azul<\/strong><\/a><\/span><\/p>\n<p>[video_player]https:\/\/player.vimeo.com\/external\/223470291.hd.mp4?s=5c142aee8bf0e2ae39e41998289253fadf4034da&amp;profile_id=174[\/video_player]<\/p>\n<p style=\"text-align: center;\"><span style=\"color: #3366ff;\"><a style=\"color: #3366ff;\" href=\"https:\/\/www.futboltotal.com.mx\/2017\/06\/reyes-acompanaria-a-chicharito-en-leverkusen\/\" target=\"_blank\" rel=\"noopener noreferrer\"><strong>VER M\u00c1S: Diego Reyes emigrar\u00eda a la Bundesliga<\/strong><\/a><\/span><\/p>\n<p>Francisco <strong>Guillermo Ochoa<\/strong> ha tenido que vivir a la sombra de otro cancerbero, casi toda su carrera. Tras su debut, tuvo que esperar a que Adolfo R\u00edos colgara los guantes, para tomar la titularidad en Am\u00e9rica. La oportunidad no fue inmediata, pues Ruggeri prefiri\u00f3 contratar a Sebasti\u00e1n Saj\u00e1, en el arco azulcrema. Despu\u00e9s lleg\u00f3, Mario Carrillo, quien le dio oportunidad a Ochoa, y lograron ser campeones en 2005.<\/p>\n<p>Luego de a\u00f1os de estabilidad, <em>Memo<\/em> emigr\u00f3 a Europa, en busca de un sue\u00f1o que inici\u00f3 bien en Francia; pero en M\u00e1laga, fue arruinado por Carlos Kameni. En cuanto a la Selecci\u00f3n; Ochoa tuvo oportunidad hasta 2007, cuando Oswaldo comenz\u00f3 a despedirse del arco tricolor. La primera gran sorpresa que dio, fue con grandes atajadas frente a Brasil, en la Copa Am\u00e9rica de Venezuela.<\/p>\n<p>En 2008, fue parte del fracaso Preol\u00edmpico, y m\u00e1s tarde, del proceso Mundialista que rescat\u00f3 Javier Aguirre, quien lo relev\u00f3 por el Conejo, en el Mundial. Para el siguiente proceso mundialista, parec\u00eda que recuperar\u00eda la titularidad, pero <em>Chepo<\/em> prefiri\u00f3 a Corona, quien hizo un buen trabajo.<\/p>\n<p>Pero a la llegada de Miguel Herrera al banquillo, Ochoa pudo ganarse la titularidad en Brasil 2014; donde volvi\u00f3 a brillar frente a la verdeamarelha. En el proceso de Osorio, pudo tener acci\u00f3n, pero fue parte de las dos derrotas, una de ellas hist\u00f3rica. Por fortuna, se reivindic\u00f3, con una buena actuaci\u00f3n frente a Portugal en Confederaciones.<\/p>\n<p style=\"text-align: center;\"><span style=\"color: #3366ff;\"><a style=\"color: #3366ff;\" href=\"https:\/\/www.futboltotal.com.mx\/2017\/06\/hackean-cuenta-twitter-jimena-sanchez\/\" target=\"_blank\" rel=\"noopener noreferrer\"><strong>VER M\u00c1S: Hackean cuenta de Twitter de conductora de Fox Sports<\/strong><\/a><\/span><\/p>\n","protected":false},"excerpt":{"rendered":"<p>El portero mexicano ha tenido que disputar la titularidad casi toda su carrera.<\/p>\n","protected":false},"author":20,"featured_media":485628,"comment_status":"closed","ping_status":"closed","sticky":false,"template":"","format":"standard","meta":[],"categories":[5,3839,2198,3845,6718,3847,4,6433],"tags":[5991,142],"_links":{"self":[{"href":"http:\/\/desarrollo.grupomedios.com\/futbol\/wp-json\/wp\/v2\/posts\/485625"}],"collection":[{"href":"http:\/\/desarrollo.grupomedios.com\/futbol\/wp-json\/wp\/v2\/posts"}],"about":[{"href":"http:\/\/desarrollo.grupomedios.com\/futbol\/wp-json\/wp\/v2\/types\/post"}],"author":[{"embeddable":true,"href":"http:\/\/desarrollo.grupomedios.com\/futbol\/wp-json\/wp\/v2\/users\/20"}],"replies":[{"embeddable":true,"href":"http:\/\/desarrollo.grupomedios.com\/futbol\/wp-json\/wp\/v2\/comments?post=485625"}],"version-history":[{"count":2,"href":"http:\/\/desarrollo.grupomedios.com\/futbol\/wp-json\/wp\/v2\/posts\/485625\/revisions"}],"predecessor-version":[{"id":485704,"href":"http:\/\/desarrollo.grupomedios.com\/futbol\/wp-json\/wp\/v2\/posts\/485625\/revisions\/485704"}],"wp:featuredmedia":[{"embeddable":true,"href":"http:\/\/desarrollo.grupomedios.com\/futbol\/wp-json\/wp\/v2\/media\/485628"}],"wp:attachment":[{"href":"http:\/\/desarrollo.grupomedios.com\/futbol\/wp-json\/wp\/v2\/media?parent=485625"}],"wp:term":[{"taxonomy":"category","embeddable":true,"href":"http:\/\/desarrollo.grupomedios.com\/futbol\/wp-json\/wp\/v2\/categories?post=485625"},{"taxonomy":"post_tag","embeddable":true,"href":"http:\/\/desarrollo.grupomedios.com\/futbol\/wp-json\/wp\/v2\/tags?post=485625"}],"curies":[{"name":"wp","href":"https:\/\/api.w.org\/{rel}","templated":true}]}}